{"id":15615,"date":"2024-03-04T17:21:52","date_gmt":"2024-03-04T17:21:52","guid":{"rendered":"https:\/\/cnctulua.tv\/?p=15615"},"modified":"2024-03-04T17:21:55","modified_gmt":"2024-03-04T17:21:55","slug":"guarda-de-seguridad-asesinado-en-buenaventura","status":"publish","type":"post","link":"https:\/\/cnctulua.tv\/?p=15615","title":{"rendered":"GUARDA DE SEGURIDAD ASESINADO EN BUENAVENTURA."},"content":{"rendered":"\n<p>El Coronel Oleskyenio Enrique Fl\u00f3rez Rinc\u00f3n, Comandante del Distrito Especial de Polic\u00eda de Buenaventura, inform\u00f3 con pesar que el crimen ocurri\u00f3 en el sector de Los \u00c1ngeles. Las investigaciones iniciales sugieren que este acto brutal podr\u00eda tener v\u00ednculos con \u00abamenazas previas que el se\u00f1or Valencia habr\u00eda recibido en tiempos anteriores\u00bb.<\/p>\n\n\n\n<p>Jhon Jair Valencia Garc\u00eda, quien desempe\u00f1aba un papel crucial como guarda de seguridad en una renombrada empresa privada de la ciudad, \u00abera un profesional comprometido con la seguridad de Buenaventura\u00bb. La Polic\u00eda del Distrito Especial ha iniciado una \u00abinvestigaci\u00f3n meticulosa y detallada\u00bb para arrojar luz sobre los motivos detr\u00e1s de este lamentable suceso.<\/p>\n\n\n\n<figure class=\"wp-block-embed is-type-video is-provider-youtube wp-block-embed-youtube wp-embed-aspect-16-9 wp-has-aspect-ratio\"><div class=\"wp-block-embed__wrapper\">\n<iframe loading=\"lazy\" title=\"Guarda de Seguridad Asesinado en Buenaventura.\" width=\"640\" height=\"360\" src=\"https:\/\/www.youtube.com\/embed\/gnd_avDbB-4?feature=oembed\" frameborder=\"0\" allow=\"accelerometer; autoplay; clipboard-write; encrypted-media; gyroscope; picture-in-picture; web-share\" referrerpolicy=\"strict-origin-when-cross-origin\" allowfullscreen><\/iframe>\n<\/div><\/figure>\n\n\n\n<p>El Coronel Fl\u00f3rez Rinc\u00f3n asegur\u00f3 que est\u00e1n trabajando \u00abde la mano con la Fiscal\u00eda General de la Naci\u00f3n para capturar a los responsables y llevarlos ante la justicia\u00bb. La colaboraci\u00f3n estrecha entre las autoridades y la comunidad ser\u00e1 esencial para \u00abgarantizar que la memoria de Jhon Jair Valencia Garc\u00eda sea honrada con una resoluci\u00f3n justa y la captura de los responsables\u00bb.<\/p>\n","protected":false},"excerpt":{"rendered":"<p>El Coronel Oleskyenio Enrique Fl\u00f3rez Rinc\u00f3n, Comandante del Distrito Especial de Polic\u00eda de Buenaventura, inform\u00f3 con pesar que el crimen ocurri\u00f3 en el sector de Los \u00c1ngeles. Las investigaciones iniciales sugieren que este acto brutal podr\u00eda tener v\u00ednculos con \u00abamenazas previas que el se\u00f1or Valencia habr\u00eda recibido en tiempos anteriores\u00bb. Jhon Jair Valencia Garc\u00eda, quien [&hellip;]<\/p>\n","protected":false},"author":3,"featured_media":15616,"comment_status":"open","ping_status":"open","sticky":false,"template":"","format":"video","meta":{"footnotes":""},"categories":[10],"tags":[],"class_list":["post-15615","post","type-post","status-publish","format-video","has-post-thumbnail","hentry","category-cnc-noticias-tulua","post_format-post-format-video"],"_links":{"self":[{"href":"https:\/\/cnctulua.tv\/index.php?rest_route=\/wp\/v2\/posts\/15615","targetHints":{"allow":["GET"]}}],"collection":[{"href":"https:\/\/cnctulua.tv\/index.php?rest_route=\/wp\/v2\/posts"}],"about":[{"href":"https:\/\/cnctulua.tv\/index.php?rest_route=\/wp\/v2\/types\/post"}],"author":[{"embeddable":true,"href":"https:\/\/cnctulua.tv\/index.php?rest_route=\/wp\/v2\/users\/3"}],"replies":[{"embeddable":true,"href":"https:\/\/cnctulua.tv\/index.php?rest_route=%2Fwp%2Fv2%2Fcomments&post=15615"}],"version-history":[{"count":1,"href":"https:\/\/cnctulua.tv\/index.php?rest_route=\/wp\/v2\/posts\/15615\/revisions"}],"predecessor-version":[{"id":15617,"href":"https:\/\/cnctulua.tv\/index.php?rest_route=\/wp\/v2\/posts\/15615\/revisions\/15617"}],"wp:featuredmedia":[{"embeddable":true,"href":"https:\/\/cnctulua.tv\/index.php?rest_route=\/wp\/v2\/media\/15616"}],"wp:attachment":[{"href":"https:\/\/cnctulua.tv\/index.php?rest_route=%2Fwp%2Fv2%2Fmedia&parent=15615"}],"wp:term":[{"taxonomy":"category","embeddable":true,"href":"https:\/\/cnctulua.tv\/index.php?rest_route=%2Fwp%2Fv2%2Fcategories&post=15615"},{"taxonomy":"post_tag","embeddable":true,"href":"https:\/\/cnctulua.tv\/index.php?rest_route=%2Fwp%2Fv2%2Ftags&post=15615"}],"curies":[{"name":"wp","href":"https:\/\/api.w.org\/{rel}","templated":true}]}}