{"id":15700,"date":"2024-03-05T20:59:43","date_gmt":"2024-03-05T20:59:43","guid":{"rendered":"https:\/\/cnctulua.tv\/?p=15700"},"modified":"2024-03-05T20:59:46","modified_gmt":"2024-03-05T20:59:46","slug":"avances-significativos-en-la-lucha-contra-la-delincuencia-y-la-criminalidad-en-cali-y-valle-del-cauca","status":"publish","type":"post","link":"https:\/\/cnctulua.tv\/?p=15700","title":{"rendered":"AVANCES SIGNIFICATIVOS EN LA LUCHA CONTRA LA DELINCUENCIA Y LA CRIMINALIDAD EN CALI Y VALLE DEL CAUCA."},"content":{"rendered":"\n<p>La Fiscal General de la Naci\u00f3n (e), Martha Janeth Mancera, lider\u00f3 una importante reuni\u00f3n con la gobernadora de Valle del Cauca, Dilian Francisca Toro, el Comandante de la Polic\u00eda Valle, coronel Giovanny Cristancho, y el Subcomandante de la Polic\u00eda Metropolitana Santiago de Cali, coronel Alexander Vargas. El encuentro tuvo como objetivo compartir los destacados avances investigativos y judiciales alcanzados en el plan de priorizaci\u00f3n contra la delincuencia y la criminalidad organizada, implementado en Cali y Valle del Cauca desde enero del presente a\u00f1o.<\/p>\n\n\n\n<figure class=\"wp-block-embed is-type-video is-provider-youtube wp-block-embed-youtube wp-embed-aspect-16-9 wp-has-aspect-ratio\"><div class=\"wp-block-embed__wrapper\">\n<iframe loading=\"lazy\" title=\"Acciones contra la delincuencia y la criminalidad en el Valle del Cauca.\" width=\"640\" height=\"360\" src=\"https:\/\/www.youtube.com\/embed\/QXf6z7NQt14?feature=oembed\" frameborder=\"0\" allow=\"accelerometer; autoplay; clipboard-write; encrypted-media; gyroscope; picture-in-picture; web-share\" referrerpolicy=\"strict-origin-when-cross-origin\" allowfullscreen><\/iframe>\n<\/div><\/figure>\n\n\n\n<p>La Fiscal General (e) enfatiz\u00f3 el compromiso decidido de la Fiscal\u00eda General de la Naci\u00f3n para frenar la expansi\u00f3n de organizaciones criminales en cada municipio del Valle del Cauca. \u00abNo vamos a dejar que las organizaciones sigan expandi\u00e9ndose por cada municipio de Valle del Cauca. El compromiso de la Fiscal\u00eda General de la Naci\u00f3n es seguir adelante con la priorizaci\u00f3n, desmantelar organizaciones criminales y quitarles sus finanzas, por eso siempre hemos dicho que nosotros hablamos con resultados\u00bb, manifest\u00f3 Mancera.<\/p>\n\n\n\n<p>En poco m\u00e1s de un mes, se han efectuado 86 capturas en las comunas 13, 15 y 21 de Cali, adem\u00e1s de materializarse 57 \u00f3rdenes de captura contra posibles homicidas en la ciudad. Estas acciones han incidido positivamente en la reducci\u00f3n de muertes violentas, con una disminuci\u00f3n del 20% en la Comuna 13 y del 33% en la Comuna 15.<\/p>\n\n\n\n<p>De manera adicional, se ha llevado a cabo la judicializaci\u00f3n de 19 personas vinculadas a homicidios colectivos, obteni\u00e9ndose 6 condenas. Este notable avance representa un esclarecimiento del 93.88% con relaci\u00f3n a los hechos conocidos.<\/p>\n\n\n\n<p>En la incansable lucha contra las organizaciones criminales, a solicitud de la Fiscal\u00eda, 171 presuntos integrantes del ELN y las disidencias de las Farc, con injerencia delincuencial en la zona, han recibido medida de aseguramiento entre 2020 y 2024. Estas medidas buscan fortalecer la seguridad y la paz en Cali y el Valle del Cauca, reafirmando el compromiso de las autoridades en la construcci\u00f3n de un entorno m\u00e1s seguro y libre de criminalidad en la regi\u00f3n.<\/p>\n","protected":false},"excerpt":{"rendered":"<p>La Fiscal General de la Naci\u00f3n (e), Martha Janeth Mancera, lider\u00f3 una importante reuni\u00f3n con la gobernadora de Valle del Cauca, Dilian Francisca Toro, el Comandante de la Polic\u00eda Valle, coronel Giovanny Cristancho, y el Subcomandante de la Polic\u00eda Metropolitana Santiago de Cali, coronel Alexander Vargas. El encuentro tuvo como objetivo compartir los destacados avances [&hellip;]<\/p>\n","protected":false},"author":3,"featured_media":15701,"comment_status":"open","ping_status":"open","sticky":false,"template":"","format":"video","meta":{"footnotes":""},"categories":[10],"tags":[],"class_list":["post-15700","post","type-post","status-publish","format-video","has-post-thumbnail","hentry","category-cnc-noticias-tulua","post_format-post-format-video"],"_links":{"self":[{"href":"https:\/\/cnctulua.tv\/index.php?rest_route=\/wp\/v2\/posts\/15700","targetHints":{"allow":["GET"]}}],"collection":[{"href":"https:\/\/cnctulua.tv\/index.php?rest_route=\/wp\/v2\/posts"}],"about":[{"href":"https:\/\/cnctulua.tv\/index.php?rest_route=\/wp\/v2\/types\/post"}],"author":[{"embeddable":true,"href":"https:\/\/cnctulua.tv\/index.php?rest_route=\/wp\/v2\/users\/3"}],"replies":[{"embeddable":true,"href":"https:\/\/cnctulua.tv\/index.php?rest_route=%2Fwp%2Fv2%2Fcomments&post=15700"}],"version-history":[{"count":1,"href":"https:\/\/cnctulua.tv\/index.php?rest_route=\/wp\/v2\/posts\/15700\/revisions"}],"predecessor-version":[{"id":15702,"href":"https:\/\/cnctulua.tv\/index.php?rest_route=\/wp\/v2\/posts\/15700\/revisions\/15702"}],"wp:featuredmedia":[{"embeddable":true,"href":"https:\/\/cnctulua.tv\/index.php?rest_route=\/wp\/v2\/media\/15701"}],"wp:attachment":[{"href":"https:\/\/cnctulua.tv\/index.php?rest_route=%2Fwp%2Fv2%2Fmedia&parent=15700"}],"wp:term":[{"taxonomy":"category","embeddable":true,"href":"https:\/\/cnctulua.tv\/index.php?rest_route=%2Fwp%2Fv2%2Fcategories&post=15700"},{"taxonomy":"post_tag","embeddable":true,"href":"https:\/\/cnctulua.tv\/index.php?rest_route=%2Fwp%2Fv2%2Ftags&post=15700"}],"curies":[{"name":"wp","href":"https:\/\/api.w.org\/{rel}","templated":true}]}}