{"id":15731,"date":"2024-03-06T17:26:23","date_gmt":"2024-03-06T17:26:23","guid":{"rendered":"https:\/\/cnctulua.tv\/?p=15731"},"modified":"2024-03-06T17:26:46","modified_gmt":"2024-03-06T17:26:46","slug":"aeropuerto-alfonso-bonilla-aragon-continuara-operando-sin-interrupciones","status":"publish","type":"post","link":"https:\/\/cnctulua.tv\/?p=15731","title":{"rendered":"AEROPUERTO ALFONSO BONILLA ARAG\u00d3N CONTINUAR\u00c1 OPERANDO SIN INTERRUPCIONES."},"content":{"rendered":"\n<p>En una decisi\u00f3n que responde al clamor de toda la sociedad, el Ministerio de Transporte anunci\u00f3 la pr\u00f3rroga de la concesi\u00f3n del Aeropuerto Alfonso Bonilla Arag\u00f3n hasta el tercer trimestre de 2025. La gobernadora del Valle del Cauca, Dilian Francisca Toro, expres\u00f3 su agradecimiento al ministro William Camargo por atender la solicitud un\u00e1nime y celebr\u00f3 el resultado: \u00abEl ministro escuch\u00f3, la verdad fue un llamado de toda la sociedad y nos unimos para pedirle que prorrogara la concesi\u00f3n del aeropuerto Alfonso Bonilla Arag\u00f3n, as\u00ed que quiero darle las gracias por habernos dado la raz\u00f3n y haber generado esta autorizaci\u00f3n\u00bb.<\/p>\n\n\n\n<figure class=\"wp-block-embed is-type-video is-provider-youtube wp-block-embed-youtube wp-embed-aspect-16-9 wp-has-aspect-ratio\"><div class=\"wp-block-embed__wrapper\">\n<iframe loading=\"lazy\" title=\"Aeropuerto Alfonso Bonilla Arag\u00f3n asegura su operaci\u00f3n hasta 2025.\" width=\"640\" height=\"360\" src=\"https:\/\/www.youtube.com\/embed\/XswY9_uHcjU?feature=oembed\" frameborder=\"0\" allow=\"accelerometer; autoplay; clipboard-write; encrypted-media; gyroscope; picture-in-picture; web-share\" referrerpolicy=\"strict-origin-when-cross-origin\" allowfullscreen><\/iframe>\n<\/div><\/figure>\n\n\n\n<p>La mandataria, reci\u00e9n llegada de la Misi\u00f3n Corea, donde busc\u00f3 aliados estrat\u00e9gicos para futuras licitaciones, explic\u00f3 la importancia de la decisi\u00f3n: \u00abCuando el Ministro nos dijo que no se iba a ampliar la concesi\u00f3n, yo le dije que respetaba, pero que no estaba de acuerdo con la decisi\u00f3n, que nadie en el Valle del Cauca quer\u00eda que el aeropuerto se entregara a la Aerocivil\u00bb.<\/p>\n\n\n\n<p>La gesti\u00f3n de la gobernadora tambi\u00e9n se enfoc\u00f3 en la apertura de una licitaci\u00f3n internacional para la operaci\u00f3n del aeropuerto: \u00abYo le manifest\u00e9 en su momento al Ministro que lo que hab\u00eda que hacer era abrir una licitaci\u00f3n internacional para que muchas empresas que operan aeropuertos vengan al Valle y puedan operarlo bien\u00bb.<\/p>\n\n\n\n<p>La pr\u00f3rroga de la concesi\u00f3n del Aeropuerto &#8216;Alfonso Bonilla Arag\u00f3n&#8217; asegura una transici\u00f3n sin inconvenientes en su manejo, garantizando una atenci\u00f3n fluida para los pasajeros nacionales e internacionales. Con m\u00e1s de 12 mil visitantes esperados para la cumbre de biodiversidad COP16, la decisi\u00f3n del Ministerio de Transporte es recibida con entusiasmo por la comunidad y las autoridades locales, quienes destacan el compromiso del gobierno con el desarrollo regional.<\/p>\n","protected":false},"excerpt":{"rendered":"<p>En una decisi\u00f3n que responde al clamor de toda la sociedad, el Ministerio de Transporte anunci\u00f3 la pr\u00f3rroga de la concesi\u00f3n del Aeropuerto Alfonso Bonilla Arag\u00f3n hasta el tercer trimestre de 2025. La gobernadora del Valle del Cauca, Dilian Francisca Toro, expres\u00f3 su agradecimiento al ministro William Camargo por atender la solicitud un\u00e1nime y celebr\u00f3 [&hellip;]<\/p>\n","protected":false},"author":3,"featured_media":15732,"comment_status":"open","ping_status":"open","sticky":false,"template":"","format":"video","meta":{"footnotes":""},"categories":[10],"tags":[],"class_list":["post-15731","post","type-post","status-publish","format-video","has-post-thumbnail","hentry","category-cnc-noticias-tulua","post_format-post-format-video"],"_links":{"self":[{"href":"https:\/\/cnctulua.tv\/index.php?rest_route=\/wp\/v2\/posts\/15731","targetHints":{"allow":["GET"]}}],"collection":[{"href":"https:\/\/cnctulua.tv\/index.php?rest_route=\/wp\/v2\/posts"}],"about":[{"href":"https:\/\/cnctulua.tv\/index.php?rest_route=\/wp\/v2\/types\/post"}],"author":[{"embeddable":true,"href":"https:\/\/cnctulua.tv\/index.php?rest_route=\/wp\/v2\/users\/3"}],"replies":[{"embeddable":true,"href":"https:\/\/cnctulua.tv\/index.php?rest_route=%2Fwp%2Fv2%2Fcomments&post=15731"}],"version-history":[{"count":1,"href":"https:\/\/cnctulua.tv\/index.php?rest_route=\/wp\/v2\/posts\/15731\/revisions"}],"predecessor-version":[{"id":15733,"href":"https:\/\/cnctulua.tv\/index.php?rest_route=\/wp\/v2\/posts\/15731\/revisions\/15733"}],"wp:featuredmedia":[{"embeddable":true,"href":"https:\/\/cnctulua.tv\/index.php?rest_route=\/wp\/v2\/media\/15732"}],"wp:attachment":[{"href":"https:\/\/cnctulua.tv\/index.php?rest_route=%2Fwp%2Fv2%2Fmedia&parent=15731"}],"wp:term":[{"taxonomy":"category","embeddable":true,"href":"https:\/\/cnctulua.tv\/index.php?rest_route=%2Fwp%2Fv2%2Fcategories&post=15731"},{"taxonomy":"post_tag","embeddable":true,"href":"https:\/\/cnctulua.tv\/index.php?rest_route=%2Fwp%2Fv2%2Ftags&post=15731"}],"curies":[{"name":"wp","href":"https:\/\/api.w.org\/{rel}","templated":true}]}}