{"id":15742,"date":"2024-03-06T18:19:43","date_gmt":"2024-03-06T18:19:43","guid":{"rendered":"https:\/\/cnctulua.tv\/?p=15742"},"modified":"2024-03-06T18:19:48","modified_gmt":"2024-03-06T18:19:48","slug":"detenido-presunto-responsable-de-acto-terrorista-en-tulua","status":"publish","type":"post","link":"https:\/\/cnctulua.tv\/?p=15742","title":{"rendered":"DETENIDO PRESUNTO RESPONSABLE DE ACTO TERRORISTA EN TULU\u00c1."},"content":{"rendered":"\n<p>En un nuevo desarrollo judicial, la Fiscal\u00eda General de la Naci\u00f3n ha llevado ante un juez de control de garant\u00edas a hombre conocido como alias &#8216;Chucky&#8217;, presunto integrante del grupo delictivo &#8216;La Inmaculada&#8217;. Este individuo enfrenta cargos por su presunta participaci\u00f3n en los actos de terrorismo que estremecieron Tulu\u00e1, Valle del Cauca, el pasado 15 de diciembre de 2022.<\/p>\n\n\n\n<p>Seg\u00fan los elementos de prueba presentados, &#8216;Chucky&#8217; habr\u00eda llegado a un parqueadero a bordo de una motocicleta, donde, mediante enga\u00f1os, logr\u00f3 persuadir al vigilante para que le permitiera estacionar. Aprovechando el momento en que el cuidador del lugar completaba el recibo de ingreso, al parecer, lo amenaz\u00f3 con un arma de fuego, facilitando la entrada de otros individuos que procedieron a arrojar gasolina y prender fuego a una buseta de servicio p\u00fablico.<\/p>\n\n\n\n<figure class=\"wp-block-embed is-type-video is-provider-youtube wp-block-embed-youtube wp-embed-aspect-16-9 wp-has-aspect-ratio\"><div class=\"wp-block-embed__wrapper\">\n<iframe loading=\"lazy\" title=\"Detenido presunto responsable de acto terrorista en Tulu\u00e1.\" width=\"640\" height=\"360\" src=\"https:\/\/www.youtube.com\/embed\/pKqOYa3WL8M?feature=oembed\" frameborder=\"0\" allow=\"accelerometer; autoplay; clipboard-write; encrypted-media; gyroscope; picture-in-picture; web-share\" referrerpolicy=\"strict-origin-when-cross-origin\" allowfullscreen><\/iframe>\n<\/div><\/figure>\n\n\n\n<p>Los presuntos responsables huyeron r\u00e1pidamente del lugar y se dirigieron a una vivienda, donde informaron telef\u00f3nicamente a los l\u00edderes de &#8216;La Inmaculada&#8217; sobre la ejecuci\u00f3n de la acci\u00f3n criminal. El prop\u00f3sito de este acto violento era generar zozobra y temor en la comunidad, seg\u00fan las autoridades.<\/p>\n\n\n\n<p>En respuesta a estos hechos, un fiscal del Grupo de Homicidios Colectivos de la Delegada para la Seguridad Territorial imput\u00f3 a alias &#8216;Chucky&#8217; los delitos de terrorismo e incendio. A pesar de los cargos en su contra, el acusado no acept\u00f3 su responsabilidad y ha sido sometido a una nueva medida de aseguramiento en un centro carcelario. Cabe destacar que ya se encontraba privado de su libertad por otro proceso relacionado con el delito de concierto para delinquir.<\/p>\n","protected":false},"excerpt":{"rendered":"<p>En un nuevo desarrollo judicial, la Fiscal\u00eda General de la Naci\u00f3n ha llevado ante un juez de control de garant\u00edas a hombre conocido como alias &#8216;Chucky&#8217;, presunto integrante del grupo delictivo &#8216;La Inmaculada&#8217;. Este individuo enfrenta cargos por su presunta participaci\u00f3n en los actos de terrorismo que estremecieron Tulu\u00e1, Valle del Cauca, el pasado 15 [&hellip;]<\/p>\n","protected":false},"author":3,"featured_media":15743,"comment_status":"open","ping_status":"open","sticky":false,"template":"","format":"video","meta":{"footnotes":""},"categories":[10],"tags":[],"class_list":["post-15742","post","type-post","status-publish","format-video","has-post-thumbnail","hentry","category-cnc-noticias-tulua","post_format-post-format-video"],"_links":{"self":[{"href":"https:\/\/cnctulua.tv\/index.php?rest_route=\/wp\/v2\/posts\/15742","targetHints":{"allow":["GET"]}}],"collection":[{"href":"https:\/\/cnctulua.tv\/index.php?rest_route=\/wp\/v2\/posts"}],"about":[{"href":"https:\/\/cnctulua.tv\/index.php?rest_route=\/wp\/v2\/types\/post"}],"author":[{"embeddable":true,"href":"https:\/\/cnctulua.tv\/index.php?rest_route=\/wp\/v2\/users\/3"}],"replies":[{"embeddable":true,"href":"https:\/\/cnctulua.tv\/index.php?rest_route=%2Fwp%2Fv2%2Fcomments&post=15742"}],"version-history":[{"count":1,"href":"https:\/\/cnctulua.tv\/index.php?rest_route=\/wp\/v2\/posts\/15742\/revisions"}],"predecessor-version":[{"id":15744,"href":"https:\/\/cnctulua.tv\/index.php?rest_route=\/wp\/v2\/posts\/15742\/revisions\/15744"}],"wp:featuredmedia":[{"embeddable":true,"href":"https:\/\/cnctulua.tv\/index.php?rest_route=\/wp\/v2\/media\/15743"}],"wp:attachment":[{"href":"https:\/\/cnctulua.tv\/index.php?rest_route=%2Fwp%2Fv2%2Fmedia&parent=15742"}],"wp:term":[{"taxonomy":"category","embeddable":true,"href":"https:\/\/cnctulua.tv\/index.php?rest_route=%2Fwp%2Fv2%2Fcategories&post=15742"},{"taxonomy":"post_tag","embeddable":true,"href":"https:\/\/cnctulua.tv\/index.php?rest_route=%2Fwp%2Fv2%2Ftags&post=15742"}],"curies":[{"name":"wp","href":"https:\/\/api.w.org\/{rel}","templated":true}]}}