{"id":15754,"date":"2024-03-06T19:34:30","date_gmt":"2024-03-06T19:34:30","guid":{"rendered":"https:\/\/cnctulua.tv\/?p=15754"},"modified":"2024-03-06T19:34:35","modified_gmt":"2024-03-06T19:34:35","slug":"senalizacion-de-calles-y-arreglo-de-la-red-semaforica-de-tulua-proximos-avances-del-departamento-administrativo-de-movilidad-y-seguridad-vial","status":"publish","type":"post","link":"https:\/\/cnctulua.tv\/?p=15754","title":{"rendered":"SE\u00d1ALIZACI\u00d3N DE CALLES Y ARREGLO DE LA RED SEMAF\u00d3RICA DE TULU\u00c1 PR\u00d3XIMOS AVANCES DEL DEPARTAMENTO ADMINISTRATIVO DE MOVILIDAD Y SEGURIDAD VIAL."},"content":{"rendered":"\n<p>El Director del Departamento Administrativo de Movilidad y Seguridad Vial de Tulu\u00e1, Rub\u00e9n S\u00e1chica, manifest\u00f3 que pr\u00f3ximamente se comenzar\u00e1 con el arreglo de la red semaf\u00f3rica del municipio y se espera que este proceso se culmine en un tiempo l\u00edmite de 2 semanas.<\/p>\n\n\n\n<figure class=\"wp-block-embed is-type-video is-provider-youtube wp-block-embed-youtube wp-embed-aspect-16-9 wp-has-aspect-ratio\"><div class=\"wp-block-embed__wrapper\">\n<iframe loading=\"lazy\" title=\"Impulso Integral: fortaleciendo la seguridad vial y renovando la se\u00f1alizaci\u00f3n en Tulu\u00e1.\" width=\"640\" height=\"360\" src=\"https:\/\/www.youtube.com\/embed\/5D35h9g89zQ?feature=oembed\" frameborder=\"0\" allow=\"accelerometer; autoplay; clipboard-write; encrypted-media; gyroscope; picture-in-picture; web-share\" referrerpolicy=\"strict-origin-when-cross-origin\" allowfullscreen><\/iframe>\n<\/div><\/figure>\n\n\n\n<p>Adem\u00e1s, expres\u00f3 que se realizar\u00e1 una estrategia de se\u00f1alizaci\u00f3n llamada \u201curbanismo t\u00e1ctico\u201d para realizar el proceso de se\u00f1alizaci\u00f3n en las calles de Tulu\u00e1, comenzando por la calle sarmiento para brindar mayor seguridad vial en el municipio.<\/p>\n\n\n\n<p>Por su parte, el director Rub\u00e9n S\u00e1chica, insta a los ciudadanos tulue\u00f1os a hacer uso de la inteligencia vial y ser prevenidos a la hora de conducir, porque ante las fallas semaf\u00f3ricas se pueden presentar muchos accidentes. Sin embargo, los agentes de movilidad y tr\u00e1nsito del municipio est\u00e1n dispuestos y atentos a prestar ayuda en los puntos estrat\u00e9gicos donde se requiera esta medida.<\/p>\n","protected":false},"excerpt":{"rendered":"<p>El Director del Departamento Administrativo de Movilidad y Seguridad Vial de Tulu\u00e1, Rub\u00e9n S\u00e1chica, manifest\u00f3 que pr\u00f3ximamente se comenzar\u00e1 con el arreglo de la red semaf\u00f3rica del municipio y se espera que este proceso se culmine en un tiempo l\u00edmite de 2 semanas. Adem\u00e1s, expres\u00f3 que se realizar\u00e1 una estrategia de se\u00f1alizaci\u00f3n llamada \u201curbanismo t\u00e1ctico\u201d [&hellip;]<\/p>\n","protected":false},"author":3,"featured_media":15755,"comment_status":"open","ping_status":"open","sticky":false,"template":"","format":"video","meta":{"footnotes":""},"categories":[10],"tags":[],"class_list":["post-15754","post","type-post","status-publish","format-video","has-post-thumbnail","hentry","category-cnc-noticias-tulua","post_format-post-format-video"],"_links":{"self":[{"href":"https:\/\/cnctulua.tv\/index.php?rest_route=\/wp\/v2\/posts\/15754","targetHints":{"allow":["GET"]}}],"collection":[{"href":"https:\/\/cnctulua.tv\/index.php?rest_route=\/wp\/v2\/posts"}],"about":[{"href":"https:\/\/cnctulua.tv\/index.php?rest_route=\/wp\/v2\/types\/post"}],"author":[{"embeddable":true,"href":"https:\/\/cnctulua.tv\/index.php?rest_route=\/wp\/v2\/users\/3"}],"replies":[{"embeddable":true,"href":"https:\/\/cnctulua.tv\/index.php?rest_route=%2Fwp%2Fv2%2Fcomments&post=15754"}],"version-history":[{"count":1,"href":"https:\/\/cnctulua.tv\/index.php?rest_route=\/wp\/v2\/posts\/15754\/revisions"}],"predecessor-version":[{"id":15756,"href":"https:\/\/cnctulua.tv\/index.php?rest_route=\/wp\/v2\/posts\/15754\/revisions\/15756"}],"wp:featuredmedia":[{"embeddable":true,"href":"https:\/\/cnctulua.tv\/index.php?rest_route=\/wp\/v2\/media\/15755"}],"wp:attachment":[{"href":"https:\/\/cnctulua.tv\/index.php?rest_route=%2Fwp%2Fv2%2Fmedia&parent=15754"}],"wp:term":[{"taxonomy":"category","embeddable":true,"href":"https:\/\/cnctulua.tv\/index.php?rest_route=%2Fwp%2Fv2%2Fcategories&post=15754"},{"taxonomy":"post_tag","embeddable":true,"href":"https:\/\/cnctulua.tv\/index.php?rest_route=%2Fwp%2Fv2%2Ftags&post=15754"}],"curies":[{"name":"wp","href":"https:\/\/api.w.org\/{rel}","templated":true}]}}