{"id":15770,"date":"2024-03-08T14:34:59","date_gmt":"2024-03-08T14:34:59","guid":{"rendered":"https:\/\/cnctulua.tv\/?p=15770"},"modified":"2024-03-08T14:35:02","modified_gmt":"2024-03-08T14:35:02","slug":"la-asamblea-departamental-aprueba-la-creacion-del-fondo-especial-de-desarrollo-economico-regional-del-valle-del-cauca","status":"publish","type":"post","link":"https:\/\/cnctulua.tv\/?p=15770","title":{"rendered":"LA ASAMBLEA DEPARTAMENTAL APRUEBA LA CREACI\u00d3N DEL FONDO ESPECIAL DE DESARROLLO ECON\u00d3MICO REGIONAL DEL VALLE DEL CAUCA."},"content":{"rendered":"\n<p>En una decisi\u00f3n un\u00e1nime, la Asamblea Departamental del Valle del Cauca ha allanado el camino para una nueva era econ\u00f3mica al aprobar la creaci\u00f3n del Fondo Especial de Desarrollo Econ\u00f3mico Regional, conocido como Fonder Valle. La Dilian Francisca Toro, agradecida por el respaldo, destac\u00f3 la importancia de esta iniciativa al afirmar: \u00abHemos logrado una ordenanza crucial para que empresas peque\u00f1as, medianas y emprendedores accedan a cr\u00e9ditos con tasa de inter\u00e9s cero, reemplazando incluso el &#8216;gota a gota'\u00bb.<\/p>\n\n\n\n<figure class=\"wp-block-embed is-type-video is-provider-youtube wp-block-embed-youtube wp-embed-aspect-16-9 wp-has-aspect-ratio\"><div class=\"wp-block-embed__wrapper\">\n<iframe loading=\"lazy\" title=\"Adios al &quot;Gota a Gota&quot;.\" width=\"640\" height=\"360\" src=\"https:\/\/www.youtube.com\/embed\/JEfxeDauowI?feature=oembed\" frameborder=\"0\" allow=\"accelerometer; autoplay; clipboard-write; encrypted-media; gyroscope; picture-in-picture; web-share\" referrerpolicy=\"strict-origin-when-cross-origin\" allowfullscreen><\/iframe>\n<\/div><\/figure>\n\n\n\n<p>Fonder Valle, una promesa de campa\u00f1a cumplida, presenta un modelo innovador que busca aliviar las cargas financieras de aquellos afectados por pr\u00e1cticas como el &#8216;gota a gota&#8217;. Giovanny Ram\u00edrez, gerente de Infivalle, detall\u00f3 las dos l\u00edneas de cr\u00e9dito disponibles. La primera, destinada a micronegocios, prestar\u00e1 hasta cuatro salarios m\u00ednimos con una tasa de inter\u00e9s compensada. La segunda, enfocada en medianos empresarios, ajustar\u00e1 la DTF m\u00e1s los puntos del microcr\u00e9dito, ofreciendo un impulso financiero para montos de hasta $42 millones.<\/p>\n\n\n\n<p>Con un capital inicial de $18 mil millones provenientes de las utilidades de Infivalle, el fondo se alimentar\u00e1 anualmente con recursos provenientes del departamento, capital privado y cooperaci\u00f3n. Seg\u00fan Ram\u00edrez, la flexibilidad en la inyecci\u00f3n de recursos podr\u00eda propulsar el crecimiento del fondo.<\/p>\n\n\n\n<p>El diputado Daniel Hoyos, ponente del proyecto, enfatiz\u00f3 la importancia de seguir fortaleciendo el tejido empresarial y generar reactivaci\u00f3n econ\u00f3mica. Subray\u00f3 la necesidad de establecer r\u00e1pidamente reglamentos y criterios de evaluaci\u00f3n para garantizar una distribuci\u00f3n equitativa de los recursos en todas las regiones, desde el sector rural hasta Buenaventura.<\/p>\n\n\n\n<p>Carlos Felipe L\u00f3pez, presidente de la Asamblea, aplaudi\u00f3 la iniciativa, afirmando: \u00abFelicitar al Gobierno departamental por esta propuesta. Los diputados estamos totalmente de acuerdo con esta gran iniciativa, que beneficiar\u00e1 significativamente a los vallecaucanos y propender\u00e1 por el desarrollo econ\u00f3mico de nuestra regi\u00f3n\u00bb. La aprobaci\u00f3n de Fonder Valle representa un hito crucial en la b\u00fasqueda de un desarrollo econ\u00f3mico equitativo y sostenible en el Valle del Cauca.<\/p>\n","protected":false},"excerpt":{"rendered":"<p>En una decisi\u00f3n un\u00e1nime, la Asamblea Departamental del Valle del Cauca ha allanado el camino para una nueva era econ\u00f3mica al aprobar la creaci\u00f3n del Fondo Especial de Desarrollo Econ\u00f3mico Regional, conocido como Fonder Valle. La Dilian Francisca Toro, agradecida por el respaldo, destac\u00f3 la importancia de esta iniciativa al afirmar: \u00abHemos logrado una ordenanza [&hellip;]<\/p>\n","protected":false},"author":3,"featured_media":15771,"comment_status":"open","ping_status":"open","sticky":false,"template":"","format":"video","meta":{"footnotes":""},"categories":[10],"tags":[],"class_list":["post-15770","post","type-post","status-publish","format-video","has-post-thumbnail","hentry","category-cnc-noticias-tulua","post_format-post-format-video"],"_links":{"self":[{"href":"https:\/\/cnctulua.tv\/index.php?rest_route=\/wp\/v2\/posts\/15770","targetHints":{"allow":["GET"]}}],"collection":[{"href":"https:\/\/cnctulua.tv\/index.php?rest_route=\/wp\/v2\/posts"}],"about":[{"href":"https:\/\/cnctulua.tv\/index.php?rest_route=\/wp\/v2\/types\/post"}],"author":[{"embeddable":true,"href":"https:\/\/cnctulua.tv\/index.php?rest_route=\/wp\/v2\/users\/3"}],"replies":[{"embeddable":true,"href":"https:\/\/cnctulua.tv\/index.php?rest_route=%2Fwp%2Fv2%2Fcomments&post=15770"}],"version-history":[{"count":1,"href":"https:\/\/cnctulua.tv\/index.php?rest_route=\/wp\/v2\/posts\/15770\/revisions"}],"predecessor-version":[{"id":15772,"href":"https:\/\/cnctulua.tv\/index.php?rest_route=\/wp\/v2\/posts\/15770\/revisions\/15772"}],"wp:featuredmedia":[{"embeddable":true,"href":"https:\/\/cnctulua.tv\/index.php?rest_route=\/wp\/v2\/media\/15771"}],"wp:attachment":[{"href":"https:\/\/cnctulua.tv\/index.php?rest_route=%2Fwp%2Fv2%2Fmedia&parent=15770"}],"wp:term":[{"taxonomy":"category","embeddable":true,"href":"https:\/\/cnctulua.tv\/index.php?rest_route=%2Fwp%2Fv2%2Fcategories&post=15770"},{"taxonomy":"post_tag","embeddable":true,"href":"https:\/\/cnctulua.tv\/index.php?rest_route=%2Fwp%2Fv2%2Ftags&post=15770"}],"curies":[{"name":"wp","href":"https:\/\/api.w.org\/{rel}","templated":true}]}}