{"id":15786,"date":"2024-03-08T15:26:18","date_gmt":"2024-03-08T15:26:18","guid":{"rendered":"https:\/\/cnctulua.tv\/?p=15786"},"modified":"2024-03-08T15:26:21","modified_gmt":"2024-03-08T15:26:21","slug":"renovado-compromiso-de-la-gobernacion-del-valle-del-cauca-y-la-unidad-nacional-para-las-victimas-atencion-inmediata-a-victimas-del-conflicto","status":"publish","type":"post","link":"https:\/\/cnctulua.tv\/?p=15786","title":{"rendered":"RENOVADO COMPROMISO DE LA GOBERNACI\u00d3N DEL VALLE DEL CAUCA Y LA UNIDAD NACIONAL PARA LAS V\u00cdCTIMAS: \u00abATENCI\u00d3N INMEDIATA A V\u00cdCTIMAS DEL CONFLICTO\u00bb."},"content":{"rendered":"\n<p>En un gesto significativo hacia la protecci\u00f3n de las comunidades afectadas por el conflicto armado en el Valle del Cauca, la Gobernaci\u00f3n del departamento ha reafirmado su compromiso con la \u00abAtenci\u00f3n Inmediata a V\u00edctimas del Conflicto\u00bb mediante la renovaci\u00f3n del Acuerdo de Subsidiariedad con la Unidad Nacional para las V\u00edctimas.<\/p>\n\n\n\n<p>\u00abLa idea es que podamos adelantar esta apuesta de cara a poder responder de manera efectiva y \u00e1gil a la situaci\u00f3n humanitaria que vive el departamento&#8230;\u00bb, expres\u00f3 Mar\u00eda Camila Mantilla, Secretaria de Paz y Reconciliaci\u00f3n del Valle.<\/p>\n\n\n\n<figure class=\"wp-block-embed is-type-video is-provider-youtube wp-block-embed-youtube wp-embed-aspect-16-9 wp-has-aspect-ratio\"><div class=\"wp-block-embed__wrapper\">\n<iframe loading=\"lazy\" title=\"Garantizan atenci\u00f3n humanitaria inmediata a v\u00edctimas del conflicto armado en el Valle del Cauca.\" width=\"640\" height=\"360\" src=\"https:\/\/www.youtube.com\/embed\/oVAZ7YXZKAM?feature=oembed\" frameborder=\"0\" allow=\"accelerometer; autoplay; clipboard-write; encrypted-media; gyroscope; picture-in-picture; web-share\" referrerpolicy=\"strict-origin-when-cross-origin\" allowfullscreen><\/iframe>\n<\/div><\/figure>\n\n\n\n<p>Este acuerdo estrat\u00e9gico permitir\u00e1 movilizar recursos departamentales para proporcionar asistencia humanitaria de emergencia, abarcando desde desplazamientos masivos hasta eventos individuales. La iniciativa tambi\u00e9n contempla la entrega de ayuda humanitaria esencial, como alimentos, kits de aseo, y apoyo para auxilios funerarios destinados a las v\u00edctimas del conflicto armado.<\/p>\n\n\n\n<p>\u00abVamos a tener recursos del departamento dispuestos para hacer atenci\u00f3n humanitaria de emergencia, poder atender eventos masivos e individuales de desplazamiento&#8230;\u00bb, subray\u00f3 Mantilla.<\/p>\n\n\n\n<p>En reuniones peri\u00f3dicas, se evaluar\u00e1 la situaci\u00f3n del conflicto armado en el departamento, permitiendo una coordinaci\u00f3n efectiva entre la Gobernaci\u00f3n y la Unidad para las V\u00edctimas. \u00abEsta articulaci\u00f3n nos va a permitir tanto a la Gobernaci\u00f3n como a la Unidad para las V\u00edctimas responder de manera oportuna, que proteja a las v\u00edctimas en esa etapa tan dif\u00edcil&#8230;\u00bb, afirm\u00f3 Rosiris Angulo, Directora Territorial de la Unidad para las V\u00edctimas del Valle.<\/p>\n\n\n\n<p>La renovaci\u00f3n de este acuerdo refleja el firme compromiso de las autoridades locales en proporcionar respuestas coordinadas y efectivas ante situaciones de emergencia, garantizando as\u00ed la atenci\u00f3n humanitaria inmediata a quienes m\u00e1s lo necesitan en el Valle del Cauca.<\/p>\n","protected":false},"excerpt":{"rendered":"<p>En un gesto significativo hacia la protecci\u00f3n de las comunidades afectadas por el conflicto armado en el Valle del Cauca, la Gobernaci\u00f3n del departamento ha reafirmado su compromiso con la \u00abAtenci\u00f3n Inmediata a V\u00edctimas del Conflicto\u00bb mediante la renovaci\u00f3n del Acuerdo de Subsidiariedad con la Unidad Nacional para las V\u00edctimas. \u00abLa idea es que podamos [&hellip;]<\/p>\n","protected":false},"author":3,"featured_media":15787,"comment_status":"open","ping_status":"open","sticky":false,"template":"","format":"video","meta":{"footnotes":""},"categories":[10],"tags":[],"class_list":["post-15786","post","type-post","status-publish","format-video","has-post-thumbnail","hentry","category-cnc-noticias-tulua","post_format-post-format-video"],"_links":{"self":[{"href":"https:\/\/cnctulua.tv\/index.php?rest_route=\/wp\/v2\/posts\/15786","targetHints":{"allow":["GET"]}}],"collection":[{"href":"https:\/\/cnctulua.tv\/index.php?rest_route=\/wp\/v2\/posts"}],"about":[{"href":"https:\/\/cnctulua.tv\/index.php?rest_route=\/wp\/v2\/types\/post"}],"author":[{"embeddable":true,"href":"https:\/\/cnctulua.tv\/index.php?rest_route=\/wp\/v2\/users\/3"}],"replies":[{"embeddable":true,"href":"https:\/\/cnctulua.tv\/index.php?rest_route=%2Fwp%2Fv2%2Fcomments&post=15786"}],"version-history":[{"count":1,"href":"https:\/\/cnctulua.tv\/index.php?rest_route=\/wp\/v2\/posts\/15786\/revisions"}],"predecessor-version":[{"id":15788,"href":"https:\/\/cnctulua.tv\/index.php?rest_route=\/wp\/v2\/posts\/15786\/revisions\/15788"}],"wp:featuredmedia":[{"embeddable":true,"href":"https:\/\/cnctulua.tv\/index.php?rest_route=\/wp\/v2\/media\/15787"}],"wp:attachment":[{"href":"https:\/\/cnctulua.tv\/index.php?rest_route=%2Fwp%2Fv2%2Fmedia&parent=15786"}],"wp:term":[{"taxonomy":"category","embeddable":true,"href":"https:\/\/cnctulua.tv\/index.php?rest_route=%2Fwp%2Fv2%2Fcategories&post=15786"},{"taxonomy":"post_tag","embeddable":true,"href":"https:\/\/cnctulua.tv\/index.php?rest_route=%2Fwp%2Fv2%2Ftags&post=15786"}],"curies":[{"name":"wp","href":"https:\/\/api.w.org\/{rel}","templated":true}]}}