{"id":15793,"date":"2024-03-08T16:21:11","date_gmt":"2024-03-08T16:21:11","guid":{"rendered":"https:\/\/cnctulua.tv\/?p=15793"},"modified":"2024-03-08T16:21:14","modified_gmt":"2024-03-08T16:21:14","slug":"asociacion-de-microempresarios-realizan-jornada-ambiental-en-el-parque-de-la-familia-en-tulua","status":"publish","type":"post","link":"https:\/\/cnctulua.tv\/?p=15793","title":{"rendered":"ASOCIACI\u00d3N DE MICROEMPRESARIOS REALIZAN JORNADA AMBIENTAL EN EL PARQUE DE LA FAMILIA EN TULU\u00c1."},"content":{"rendered":"\n<p><strong>Hace m\u00e1s de 7 a\u00f1os, un grupo de microempresarios asentados en \u00abEl Parque de la Familia\u00bb ha emprendido un proceso dedicado al cuidado ambiental y estructural en dicho lugar. Con m\u00e1s de 25 integrantes, la asociaci\u00f3n de microempresarios, liderada por el presidente Fabi\u00e1n Jovani Sandoval Rayo, ha iniciado un esfuerzo conjunto para contribuir al bienestar comunitario y al cuidado del medio ambiente.<\/strong><\/p>\n\n\n\n<figure class=\"wp-block-embed is-type-video is-provider-youtube wp-block-embed-youtube wp-embed-aspect-16-9 wp-has-aspect-ratio\"><div class=\"wp-block-embed__wrapper\">\n<iframe loading=\"lazy\" title=\"En el Parque de la Familia se realizo jornada de limpieza liderada por la Asociaci\u00f3n de Vendedores.\" width=\"640\" height=\"360\" src=\"https:\/\/www.youtube.com\/embed\/UycVdtBJ1nQ?feature=oembed\" frameborder=\"0\" allow=\"accelerometer; autoplay; clipboard-write; encrypted-media; gyroscope; picture-in-picture; web-share\" referrerpolicy=\"strict-origin-when-cross-origin\" allowfullscreen><\/iframe>\n<\/div><\/figure>\n\n\n\n<p><strong>Entre las actividades planificadas, se incluyen la limpieza y reciclaje de residuos, as\u00ed como la reparaci\u00f3n de estructuras deterioradas, como las bancas donde las personas se sientan. Todas estas acciones tienen el prop\u00f3sito de fomentar un ambiente m\u00e1s agradable para las familias tulue\u00f1as y visitantes.<\/strong><\/p>\n\n\n\n<p><strong>Los microempresarios demuestran su compromiso con el parque al generar impactos positivos a nivel social y ambiental. Su labor no solo contribuye a la mejora est\u00e9tica del lugar, sino que tambi\u00e9n promueve la sostenibilidad y el disfrute de un espacio p\u00fablico para el beneficio de la comunidad.<\/strong><\/p>\n","protected":false},"excerpt":{"rendered":"<p>Hace m\u00e1s de 7 a\u00f1os, un grupo de microempresarios asentados en \u00abEl Parque de la Familia\u00bb ha emprendido un proceso dedicado al cuidado ambiental y estructural en dicho lugar. Con m\u00e1s de 25 integrantes, la asociaci\u00f3n de microempresarios, liderada por el presidente Fabi\u00e1n Jovani Sandoval Rayo, ha iniciado un esfuerzo conjunto para contribuir al bienestar [&hellip;]<\/p>\n","protected":false},"author":3,"featured_media":15794,"comment_status":"open","ping_status":"open","sticky":false,"template":"","format":"video","meta":{"footnotes":""},"categories":[10],"tags":[],"class_list":["post-15793","post","type-post","status-publish","format-video","has-post-thumbnail","hentry","category-cnc-noticias-tulua","post_format-post-format-video"],"_links":{"self":[{"href":"https:\/\/cnctulua.tv\/index.php?rest_route=\/wp\/v2\/posts\/15793","targetHints":{"allow":["GET"]}}],"collection":[{"href":"https:\/\/cnctulua.tv\/index.php?rest_route=\/wp\/v2\/posts"}],"about":[{"href":"https:\/\/cnctulua.tv\/index.php?rest_route=\/wp\/v2\/types\/post"}],"author":[{"embeddable":true,"href":"https:\/\/cnctulua.tv\/index.php?rest_route=\/wp\/v2\/users\/3"}],"replies":[{"embeddable":true,"href":"https:\/\/cnctulua.tv\/index.php?rest_route=%2Fwp%2Fv2%2Fcomments&post=15793"}],"version-history":[{"count":1,"href":"https:\/\/cnctulua.tv\/index.php?rest_route=\/wp\/v2\/posts\/15793\/revisions"}],"predecessor-version":[{"id":15795,"href":"https:\/\/cnctulua.tv\/index.php?rest_route=\/wp\/v2\/posts\/15793\/revisions\/15795"}],"wp:featuredmedia":[{"embeddable":true,"href":"https:\/\/cnctulua.tv\/index.php?rest_route=\/wp\/v2\/media\/15794"}],"wp:attachment":[{"href":"https:\/\/cnctulua.tv\/index.php?rest_route=%2Fwp%2Fv2%2Fmedia&parent=15793"}],"wp:term":[{"taxonomy":"category","embeddable":true,"href":"https:\/\/cnctulua.tv\/index.php?rest_route=%2Fwp%2Fv2%2Fcategories&post=15793"},{"taxonomy":"post_tag","embeddable":true,"href":"https:\/\/cnctulua.tv\/index.php?rest_route=%2Fwp%2Fv2%2Ftags&post=15793"}],"curies":[{"name":"wp","href":"https:\/\/api.w.org\/{rel}","templated":true}]}}