{"id":15806,"date":"2024-03-08T17:12:29","date_gmt":"2024-03-08T17:12:29","guid":{"rendered":"https:\/\/cnctulua.tv\/?p=15806"},"modified":"2024-03-08T17:12:32","modified_gmt":"2024-03-08T17:12:32","slug":"conozca-los-puntos-moviles-de-la-c-c-t-para-renovar-su-matricula-mercantil","status":"publish","type":"post","link":"https:\/\/cnctulua.tv\/?p=15806","title":{"rendered":"CONOZCA LOS PUNTOS M\u00d3VILES DE LA C.C.T, PARA RENOVAR SU MATR\u00cdCULA MERCANTIL."},"content":{"rendered":"\n<p>El director jur\u00eddico y director de Registros P\u00fablicos de la C\u00e1mara de Comercio de Tulu\u00e1 extiende la invitaci\u00f3n a los comerciantes y personas que desarrollan actividades mercantiles para realizar su renovaci\u00f3n de matr\u00edcula mercantil.<\/p>\n\n\n\n<p>Aquellas personas que lo requieran deben hacerlo antes del 31 de marzo. Sin embargo, como es un domingo, se extiende el plazo hasta el 1 de abril. Quienes no cumplen con esa obligaci\u00f3n y deber legal, se remiten a sanciones que emite la superintendencia de sociedades de aquellos que no lo han hecho en el plazo establecido por la ley.<\/p>\n\n\n\n<figure class=\"wp-block-embed is-type-video is-provider-youtube wp-block-embed-youtube wp-embed-aspect-16-9 wp-has-aspect-ratio\"><div class=\"wp-block-embed__wrapper\">\n<iframe loading=\"lazy\" title=\"Conozca los Puntos M\u00f3viles de la C.C.T, para renovar su matricula mercantil.\" width=\"640\" height=\"360\" src=\"https:\/\/www.youtube.com\/embed\/sI4BaJ88-54?feature=oembed\" frameborder=\"0\" allow=\"accelerometer; autoplay; clipboard-write; encrypted-media; gyroscope; picture-in-picture; web-share\" referrerpolicy=\"strict-origin-when-cross-origin\" allowfullscreen><\/iframe>\n<\/div><\/figure>\n\n\n\n<p>Para evitar estas sanciones, la C\u00e1mara de Comercio facilita los puntos m\u00f3viles para realizar los debidos pagos y renovar la matricula. Adem\u00e1s, en estos puntos m\u00f3viles se cuenta con horario extendido de jornada continua para quienes por sus horarios de trabajo pueden realizar este proceso en horas meridianas.<\/p>\n\n\n\n<p>Los s\u00e1bados, la c\u00e1mara de comercio tendr\u00e1 sus puertas abiertas desde el s\u00e1bado 9 de marzo hasta el s\u00e1bado 23 de marzo para atenci\u00f3n al p\u00fablico y evitar que los comerciantes se queden sin ser atendidos.<\/p>\n","protected":false},"excerpt":{"rendered":"<p>El director jur\u00eddico y director de Registros P\u00fablicos de la C\u00e1mara de Comercio de Tulu\u00e1 extiende la invitaci\u00f3n a los comerciantes y personas que desarrollan actividades mercantiles para realizar su renovaci\u00f3n de matr\u00edcula mercantil. Aquellas personas que lo requieran deben hacerlo antes del 31 de marzo. Sin embargo, como es un domingo, se extiende el [&hellip;]<\/p>\n","protected":false},"author":3,"featured_media":15807,"comment_status":"open","ping_status":"open","sticky":false,"template":"","format":"video","meta":{"footnotes":""},"categories":[10],"tags":[],"class_list":["post-15806","post","type-post","status-publish","format-video","has-post-thumbnail","hentry","category-cnc-noticias-tulua","post_format-post-format-video"],"_links":{"self":[{"href":"https:\/\/cnctulua.tv\/index.php?rest_route=\/wp\/v2\/posts\/15806","targetHints":{"allow":["GET"]}}],"collection":[{"href":"https:\/\/cnctulua.tv\/index.php?rest_route=\/wp\/v2\/posts"}],"about":[{"href":"https:\/\/cnctulua.tv\/index.php?rest_route=\/wp\/v2\/types\/post"}],"author":[{"embeddable":true,"href":"https:\/\/cnctulua.tv\/index.php?rest_route=\/wp\/v2\/users\/3"}],"replies":[{"embeddable":true,"href":"https:\/\/cnctulua.tv\/index.php?rest_route=%2Fwp%2Fv2%2Fcomments&post=15806"}],"version-history":[{"count":1,"href":"https:\/\/cnctulua.tv\/index.php?rest_route=\/wp\/v2\/posts\/15806\/revisions"}],"predecessor-version":[{"id":15808,"href":"https:\/\/cnctulua.tv\/index.php?rest_route=\/wp\/v2\/posts\/15806\/revisions\/15808"}],"wp:featuredmedia":[{"embeddable":true,"href":"https:\/\/cnctulua.tv\/index.php?rest_route=\/wp\/v2\/media\/15807"}],"wp:attachment":[{"href":"https:\/\/cnctulua.tv\/index.php?rest_route=%2Fwp%2Fv2%2Fmedia&parent=15806"}],"wp:term":[{"taxonomy":"category","embeddable":true,"href":"https:\/\/cnctulua.tv\/index.php?rest_route=%2Fwp%2Fv2%2Fcategories&post=15806"},{"taxonomy":"post_tag","embeddable":true,"href":"https:\/\/cnctulua.tv\/index.php?rest_route=%2Fwp%2Fv2%2Ftags&post=15806"}],"curies":[{"name":"wp","href":"https:\/\/api.w.org\/{rel}","templated":true}]}}