{"id":15823,"date":"2024-03-08T17:54:02","date_gmt":"2024-03-08T17:54:02","guid":{"rendered":"https:\/\/cnctulua.tv\/?p=15823"},"modified":"2024-03-08T17:54:05","modified_gmt":"2024-03-08T17:54:05","slug":"alianza-entre-camara-de-comercio-y-fundacion-exto-lleva-a-cabo-estrategia-para-mitigar-la-desnutricion-ifantil-en-el-municipio-de-tulua","status":"publish","type":"post","link":"https:\/\/cnctulua.tv\/?p=15823","title":{"rendered":"ALIANZA ENTRE C\u00c1MARA DE COMERCIO Y FUNDACI\u00d3N \u00c9XTO LLEVA A CABO ESTRATEGIA PARA MITIGAR LA DESNUTRICI\u00d3N IFANTIL EN EL MUNICIPIO DE TULU\u00c1."},"content":{"rendered":"\n<p>La C\u00e1mara de Comercio de Tulu\u00e1, en alianza con la Fundaci\u00f3n \u00c9xito, ha estado trabajando en la ciudad desde finales del a\u00f1o 2023 en variables relacionadas con la desnutrici\u00f3n cr\u00f3nica infantil. El objetivo de esta colaboraci\u00f3n es localizar y cuantificar la situaci\u00f3n de la problem\u00e1tica en el territorio nacional a\u00f1o tras a\u00f1o.<\/p>\n\n\n\n<p>Catalina Beltr\u00e1n, directora del programa \u00abTulu\u00e1 Como Vamos\u00bb, expresa que esta iniciativa tiene como prop\u00f3sito mejorar los \u00edndices de desnutrici\u00f3n en ni\u00f1os y ni\u00f1as de la primera infancia en la ciudad de Tulu\u00e1, teniendo en cuenta que las causas conocidas como los determinantes sociales de la desnutrici\u00f3n cr\u00f3nica se relacionan con la satisfacci\u00f3n de necesidades b\u00e1sicas.<\/p>\n\n\n\n<figure class=\"wp-block-embed is-type-video is-provider-youtube wp-block-embed-youtube wp-embed-aspect-16-9 wp-has-aspect-ratio\"><div class=\"wp-block-embed__wrapper\">\n<iframe loading=\"lazy\" title=\"En Tulu\u00e1 como vamos: Programa para mitigar desnutrici\u00f3n infantil en Tulu\u00e1.\" width=\"640\" height=\"360\" src=\"https:\/\/www.youtube.com\/embed\/09y8CjNf4uc?feature=oembed\" frameborder=\"0\" allow=\"accelerometer; autoplay; clipboard-write; encrypted-media; gyroscope; picture-in-picture; web-share\" referrerpolicy=\"strict-origin-when-cross-origin\" allowfullscreen><\/iframe>\n<\/div><\/figure>\n\n\n\n<p>Al inicio de este proceso, se gener\u00f3 un documento en el que se eval\u00faa el estado general nutricional de los ni\u00f1os y ni\u00f1as menores de 6 a\u00f1os hasta el a\u00f1o 2022, revelando datos que indican que 46 ni\u00f1os en la ciudad se encuentran en estado de desnutrici\u00f3n. Catalina expuso que desde hace algunos a\u00f1os no se realiza un seguimiento adecuado en la ciudad de Tulu\u00e1 y solicita divulgar y presentar los resultados ante la Gobernaci\u00f3n local para buscar soluciones adecuadas a esta problem\u00e1tica.<\/p>\n","protected":false},"excerpt":{"rendered":"<p>La C\u00e1mara de Comercio de Tulu\u00e1, en alianza con la Fundaci\u00f3n \u00c9xito, ha estado trabajando en la ciudad desde finales del a\u00f1o 2023 en variables relacionadas con la desnutrici\u00f3n cr\u00f3nica infantil. El objetivo de esta colaboraci\u00f3n es localizar y cuantificar la situaci\u00f3n de la problem\u00e1tica en el territorio nacional a\u00f1o tras a\u00f1o. Catalina Beltr\u00e1n, directora [&hellip;]<\/p>\n","protected":false},"author":3,"featured_media":15824,"comment_status":"open","ping_status":"open","sticky":false,"template":"","format":"video","meta":{"footnotes":""},"categories":[10],"tags":[],"class_list":["post-15823","post","type-post","status-publish","format-video","has-post-thumbnail","hentry","category-cnc-noticias-tulua","post_format-post-format-video"],"_links":{"self":[{"href":"https:\/\/cnctulua.tv\/index.php?rest_route=\/wp\/v2\/posts\/15823","targetHints":{"allow":["GET"]}}],"collection":[{"href":"https:\/\/cnctulua.tv\/index.php?rest_route=\/wp\/v2\/posts"}],"about":[{"href":"https:\/\/cnctulua.tv\/index.php?rest_route=\/wp\/v2\/types\/post"}],"author":[{"embeddable":true,"href":"https:\/\/cnctulua.tv\/index.php?rest_route=\/wp\/v2\/users\/3"}],"replies":[{"embeddable":true,"href":"https:\/\/cnctulua.tv\/index.php?rest_route=%2Fwp%2Fv2%2Fcomments&post=15823"}],"version-history":[{"count":1,"href":"https:\/\/cnctulua.tv\/index.php?rest_route=\/wp\/v2\/posts\/15823\/revisions"}],"predecessor-version":[{"id":15825,"href":"https:\/\/cnctulua.tv\/index.php?rest_route=\/wp\/v2\/posts\/15823\/revisions\/15825"}],"wp:featuredmedia":[{"embeddable":true,"href":"https:\/\/cnctulua.tv\/index.php?rest_route=\/wp\/v2\/media\/15824"}],"wp:attachment":[{"href":"https:\/\/cnctulua.tv\/index.php?rest_route=%2Fwp%2Fv2%2Fmedia&parent=15823"}],"wp:term":[{"taxonomy":"category","embeddable":true,"href":"https:\/\/cnctulua.tv\/index.php?rest_route=%2Fwp%2Fv2%2Fcategories&post=15823"},{"taxonomy":"post_tag","embeddable":true,"href":"https:\/\/cnctulua.tv\/index.php?rest_route=%2Fwp%2Fv2%2Ftags&post=15823"}],"curies":[{"name":"wp","href":"https:\/\/api.w.org\/{rel}","templated":true}]}}