{"id":15826,"date":"2024-03-09T14:23:18","date_gmt":"2024-03-09T14:23:18","guid":{"rendered":"https:\/\/cnctulua.tv\/?p=15826"},"modified":"2024-03-09T14:28:58","modified_gmt":"2024-03-09T14:28:58","slug":"salome-paredes-quedo-de-sexta-en-el-torneo-departamental-de-ajedrez","status":"publish","type":"post","link":"https:\/\/cnctulua.tv\/?p=15826","title":{"rendered":"SALOM\u00c9 PAREDES QUED\u00d3 DE SEXTA EN EL TORNEO DEPARTAMENTAL DE AJEDREZ."},"content":{"rendered":"\n<p>Salom\u00e9 Paredes es una ajedrecista tulue\u00f1a que por primera vez particip\u00f3 en un torneo departamental de ajedrez que se realiz\u00f3 en el municipio de Guacar\u00ed, del pasado 23 al 25 de febrero. Salom\u00e9 cont\u00f3 su experiencia y expres\u00f3 que fue algo muy agradable y pese a no ganar ninguna medalla tuvo el privilegio de competir con grandes ajedrecistas y obtener la grata experiencia.<\/p>\n\n\n\n<figure class=\"wp-block-embed is-type-video is-provider-youtube wp-block-embed-youtube wp-embed-aspect-16-9 wp-has-aspect-ratio\"><div class=\"wp-block-embed__wrapper\">\n<iframe loading=\"lazy\" title=\"Salom\u00e9 Paredes qued\u00f3 de sexta en el torneo Departamental de Ajedrez.\" width=\"640\" height=\"360\" src=\"https:\/\/www.youtube.com\/embed\/gwCyqW4qQJg?feature=oembed\" frameborder=\"0\" allow=\"accelerometer; autoplay; clipboard-write; encrypted-media; gyroscope; picture-in-picture; web-share\" referrerpolicy=\"strict-origin-when-cross-origin\" allowfullscreen><\/iframe>\n<\/div><\/figure>\n\n\n\n<p>Su posici\u00f3n fue la sexta, pero ella se continuar\u00e1 preparando para el pr\u00f3ximo a\u00f1o en los departamentales ocupar una mejor posici\u00f3n.<\/p>\n\n\n\n<p>Por ahora, se prepara para el torneo Imder que se llevar\u00e1 a cabo este domingo, 10 de marzo en el municipio de Buga en el coliseo Luis Ignacio \u00c1lvarez Ospina.<\/p>\n\n\n\n<p>Adem\u00e1s, quiere participar del campeonato nacional de ajedrez que se estar\u00e1 ejecutando en el mes de abril.<\/p>\n","protected":false},"excerpt":{"rendered":"<p>Salom\u00e9 Paredes es una ajedrecista tulue\u00f1a que por primera vez particip\u00f3 en un torneo departamental de ajedrez que se realiz\u00f3 en el municipio de Guacar\u00ed, del pasado 23 al 25 de febrero. Salom\u00e9 cont\u00f3 su experiencia y expres\u00f3 que fue algo muy agradable y pese a no ganar ninguna medalla tuvo el privilegio de competir [&hellip;]<\/p>\n","protected":false},"author":3,"featured_media":15833,"comment_status":"open","ping_status":"open","sticky":false,"template":"","format":"video","meta":{"footnotes":""},"categories":[10],"tags":[],"class_list":["post-15826","post","type-post","status-publish","format-video","has-post-thumbnail","hentry","category-cnc-noticias-tulua","post_format-post-format-video"],"_links":{"self":[{"href":"https:\/\/cnctulua.tv\/index.php?rest_route=\/wp\/v2\/posts\/15826","targetHints":{"allow":["GET"]}}],"collection":[{"href":"https:\/\/cnctulua.tv\/index.php?rest_route=\/wp\/v2\/posts"}],"about":[{"href":"https:\/\/cnctulua.tv\/index.php?rest_route=\/wp\/v2\/types\/post"}],"author":[{"embeddable":true,"href":"https:\/\/cnctulua.tv\/index.php?rest_route=\/wp\/v2\/users\/3"}],"replies":[{"embeddable":true,"href":"https:\/\/cnctulua.tv\/index.php?rest_route=%2Fwp%2Fv2%2Fcomments&post=15826"}],"version-history":[{"count":1,"href":"https:\/\/cnctulua.tv\/index.php?rest_route=\/wp\/v2\/posts\/15826\/revisions"}],"predecessor-version":[{"id":15828,"href":"https:\/\/cnctulua.tv\/index.php?rest_route=\/wp\/v2\/posts\/15826\/revisions\/15828"}],"wp:featuredmedia":[{"embeddable":true,"href":"https:\/\/cnctulua.tv\/index.php?rest_route=\/wp\/v2\/media\/15833"}],"wp:attachment":[{"href":"https:\/\/cnctulua.tv\/index.php?rest_route=%2Fwp%2Fv2%2Fmedia&parent=15826"}],"wp:term":[{"taxonomy":"category","embeddable":true,"href":"https:\/\/cnctulua.tv\/index.php?rest_route=%2Fwp%2Fv2%2Fcategories&post=15826"},{"taxonomy":"post_tag","embeddable":true,"href":"https:\/\/cnctulua.tv\/index.php?rest_route=%2Fwp%2Fv2%2Ftags&post=15826"}],"curies":[{"name":"wp","href":"https:\/\/api.w.org\/{rel}","templated":true}]}}