{"id":15856,"date":"2024-03-09T16:31:21","date_gmt":"2024-03-09T16:31:21","guid":{"rendered":"https:\/\/cnctulua.tv\/?p=15856"},"modified":"2024-03-09T16:31:26","modified_gmt":"2024-03-09T16:31:26","slug":"gobierno-nacional-responde-al-llamado-de-la-gobernadora-del-valle-del-cauca-para-fortalecer-la-seguridad-en-la-region","status":"publish","type":"post","link":"https:\/\/cnctulua.tv\/?p=15856","title":{"rendered":"GOBIERNO NACIONAL RESPONDE AL LLAMADO DE LA GOBERNADORA DEL VALLE DEL CAUCA PARA FORTALECER LA SEGURIDAD EN LA REGI\u00d3N."},"content":{"rendered":"\n<p>En un escenario marcado por crecientes desaf\u00edos de seguridad y preocupaciones sobre la soberan\u00eda en el Valle del Cauca, la gobernadora Dilian Francisca Toro ha conseguido atraer la atenci\u00f3n del Gobierno nacional. Ante la urgencia de abordar esta problem\u00e1tica, el Ministerio de Defensa ha respondido positivamente, convocando a los cuatro gobernadores del Pac\u00edfico colombiano para trabajar de manera conjunta en soluciones para el orden p\u00fablico.<\/p>\n\n\n\n<p>En un comunicado, la gobernadora expres\u00f3: \u00abEstamos enfrentando retos significativos en materia de seguridad y soberan\u00eda en nuestra regi\u00f3n. Es crucial que trabajemos de la mano con el Gobierno nacional para encontrar soluciones integrales y fortalecer la presencia del Estado en nuestro territorio\u00bb.<\/p>\n\n\n\n<figure class=\"wp-block-embed is-type-video is-provider-youtube wp-block-embed-youtube wp-embed-aspect-16-9 wp-has-aspect-ratio\"><div class=\"wp-block-embed__wrapper\">\n<iframe loading=\"lazy\" title=\"Gobernadora del Valle del Cauca lidera llamado urgente por seguridad y soberan\u00eda.\" width=\"640\" height=\"360\" src=\"https:\/\/www.youtube.com\/embed\/ePZg5vXb9RE?feature=oembed\" frameborder=\"0\" allow=\"accelerometer; autoplay; clipboard-write; encrypted-media; gyroscope; picture-in-picture; web-share\" referrerpolicy=\"strict-origin-when-cross-origin\" allowfullscreen><\/iframe>\n<\/div><\/figure>\n\n\n\n<p>La reuni\u00f3n, programada para ma\u00f1ana en Bogot\u00e1, contar\u00e1 con la participaci\u00f3n de altos funcionarios de los ministerios de Defensa, Justicia e Interior. La gobernadora Toro ha resaltado la importancia de la colaboraci\u00f3n entre los distintos niveles de gobierno para enfrentar de manera efectiva las amenazas presentes en la regi\u00f3n.<\/p>\n\n\n\n<p>\u00abMa\u00f1ana tenemos una reuni\u00f3n en Bogot\u00e1 con el Ministerio de Defensa, el Ministerio de Justicia, el Ministerio del Interior, precisamente para unas acciones integrales en donde nos apoyen y donde el Gobierno nacional est\u00e9 mucho m\u00e1s fuerte aqu\u00ed en el territorio y podamos mejorar la seguridad\u00bb, enfatiz\u00f3 la mandataria regional.<\/p>\n\n\n\n<p>El Gobierno nacional, en respuesta a las solicitudes de la gobernadora, ha mostrado su compromiso con la situaci\u00f3n en el Valle del Cauca. Se espera que la reuni\u00f3n resulte en acciones coordinadas y estrategias efectivas para abordar los desaf\u00edos de seguridad que enfrenta la regi\u00f3n, consolidando as\u00ed un frente unido en la b\u00fasqueda de la paz y estabilidad.<\/p>\n","protected":false},"excerpt":{"rendered":"<p>En un escenario marcado por crecientes desaf\u00edos de seguridad y preocupaciones sobre la soberan\u00eda en el Valle del Cauca, la gobernadora Dilian Francisca Toro ha conseguido atraer la atenci\u00f3n del Gobierno nacional. Ante la urgencia de abordar esta problem\u00e1tica, el Ministerio de Defensa ha respondido positivamente, convocando a los cuatro gobernadores del Pac\u00edfico colombiano para [&hellip;]<\/p>\n","protected":false},"author":3,"featured_media":15857,"comment_status":"open","ping_status":"open","sticky":false,"template":"","format":"video","meta":{"footnotes":""},"categories":[10],"tags":[],"class_list":["post-15856","post","type-post","status-publish","format-video","has-post-thumbnail","hentry","category-cnc-noticias-tulua","post_format-post-format-video"],"_links":{"self":[{"href":"https:\/\/cnctulua.tv\/index.php?rest_route=\/wp\/v2\/posts\/15856","targetHints":{"allow":["GET"]}}],"collection":[{"href":"https:\/\/cnctulua.tv\/index.php?rest_route=\/wp\/v2\/posts"}],"about":[{"href":"https:\/\/cnctulua.tv\/index.php?rest_route=\/wp\/v2\/types\/post"}],"author":[{"embeddable":true,"href":"https:\/\/cnctulua.tv\/index.php?rest_route=\/wp\/v2\/users\/3"}],"replies":[{"embeddable":true,"href":"https:\/\/cnctulua.tv\/index.php?rest_route=%2Fwp%2Fv2%2Fcomments&post=15856"}],"version-history":[{"count":1,"href":"https:\/\/cnctulua.tv\/index.php?rest_route=\/wp\/v2\/posts\/15856\/revisions"}],"predecessor-version":[{"id":15858,"href":"https:\/\/cnctulua.tv\/index.php?rest_route=\/wp\/v2\/posts\/15856\/revisions\/15858"}],"wp:featuredmedia":[{"embeddable":true,"href":"https:\/\/cnctulua.tv\/index.php?rest_route=\/wp\/v2\/media\/15857"}],"wp:attachment":[{"href":"https:\/\/cnctulua.tv\/index.php?rest_route=%2Fwp%2Fv2%2Fmedia&parent=15856"}],"wp:term":[{"taxonomy":"category","embeddable":true,"href":"https:\/\/cnctulua.tv\/index.php?rest_route=%2Fwp%2Fv2%2Fcategories&post=15856"},{"taxonomy":"post_tag","embeddable":true,"href":"https:\/\/cnctulua.tv\/index.php?rest_route=%2Fwp%2Fv2%2Ftags&post=15856"}],"curies":[{"name":"wp","href":"https:\/\/api.w.org\/{rel}","templated":true}]}}