{"id":15869,"date":"2024-03-09T17:14:31","date_gmt":"2024-03-09T17:14:31","guid":{"rendered":"https:\/\/cnctulua.tv\/?p=15869"},"modified":"2024-03-09T17:14:34","modified_gmt":"2024-03-09T17:14:34","slug":"la-gobernacion-del-valle-del-cauca-en-articulacion-con-la-armada-nacional-y-la-alcaldia-de-buenaventura-para-ejercer-jornadas-de-bienestar","status":"publish","type":"post","link":"https:\/\/cnctulua.tv\/?p=15869","title":{"rendered":"LA GOBERNACI\u00d3N DEL VALLE DEL CAUCA EN ARTICULACI\u00d3N CON LA ARMADA NACIONAL y la Alcald\u00eda de Buenaventura para ejercer jornadas de bienestar."},"content":{"rendered":"\n<p>El viernes 8 de marzo se llev\u00f3 a cabo una jornada de bienestar en la ciudad de Zacar\u00edas, Buenaventura en donde hicieron presencia 80 m\u00e9dicos para atender a la comunidad de todas las edades de esta regi\u00f3n del pa\u00eds.<\/p>\n\n\n\n<figure class=\"wp-block-embed is-type-video is-provider-youtube wp-block-embed-youtube wp-embed-aspect-16-9 wp-has-aspect-ratio\"><div class=\"wp-block-embed__wrapper\">\n<iframe loading=\"lazy\" title=\"Ochenta m\u00e9dicos atienden a la comunidad de Zacar\u00edas en Buenaventura.\" width=\"640\" height=\"360\" src=\"https:\/\/www.youtube.com\/embed\/ozmy4icX6RU?feature=oembed\" frameborder=\"0\" allow=\"accelerometer; autoplay; clipboard-write; encrypted-media; gyroscope; picture-in-picture; web-share\" referrerpolicy=\"strict-origin-when-cross-origin\" allowfullscreen><\/iframe>\n<\/div><\/figure>\n\n\n\n<p>En articulaci\u00f3n con la Gobernaci\u00f3n del Valle del Cauca, la Armada Nacional y la Alcald\u00eda de Buenaventura se gestion\u00f3 dicha jornada e hicieron presencia en la instituci\u00f3n educativa Atanasio Girardot para revisar la salud y bienestar de los alumnos de esta escuela.<\/p>\n\n\n\n<figure class=\"wp-block-image size-large\"><img loading=\"lazy\" decoding=\"async\" width=\"1024\" height=\"682\" src=\"https:\/\/cnctulua.tv\/wp-content\/uploads\/2024\/03\/WhatsApp-Image-2024-03-05-at-5.46.20-PM-1024x682.webp\" alt=\"\" class=\"wp-image-15870\" srcset=\"https:\/\/cnctulua.tv\/wp-content\/uploads\/2024\/03\/WhatsApp-Image-2024-03-05-at-5.46.20-PM-1024x682.webp 1024w, https:\/\/cnctulua.tv\/wp-content\/uploads\/2024\/03\/WhatsApp-Image-2024-03-05-at-5.46.20-PM-300x200.webp 300w, https:\/\/cnctulua.tv\/wp-content\/uploads\/2024\/03\/WhatsApp-Image-2024-03-05-at-5.46.20-PM-768x511.webp 768w, https:\/\/cnctulua.tv\/wp-content\/uploads\/2024\/03\/WhatsApp-Image-2024-03-05-at-5.46.20-PM-jpeg.webp 1280w\" sizes=\"auto, (max-width: 1024px) 100vw, 1024px\" \/><\/figure>\n\n\n\n<p>La importancia de ocupar los espacios vac\u00edos con institucionalidad es de suma importancia para la Gobernadora del Valle, Dilian Francisca Toro. Teniendo presente que la seguridad no llega solo con la presencia del ej\u00e9rcito, sino que tambi\u00e9n llega con la presencia de la institucionalidad correspondiente para atender necesidades en las comunidades.<\/p>\n\n\n\n<figure class=\"wp-block-image size-large\"><img loading=\"lazy\" decoding=\"async\" width=\"1024\" height=\"682\" src=\"https:\/\/cnctulua.tv\/wp-content\/uploads\/2024\/03\/WhatsApp-Image-2024-03-05-at-5.46.22-PM-1024x682.webp\" alt=\"\" class=\"wp-image-15871\" srcset=\"https:\/\/cnctulua.tv\/wp-content\/uploads\/2024\/03\/WhatsApp-Image-2024-03-05-at-5.46.22-PM-1024x682.webp 1024w, https:\/\/cnctulua.tv\/wp-content\/uploads\/2024\/03\/WhatsApp-Image-2024-03-05-at-5.46.22-PM-300x200.webp 300w, https:\/\/cnctulua.tv\/wp-content\/uploads\/2024\/03\/WhatsApp-Image-2024-03-05-at-5.46.22-PM-768x511.webp 768w, https:\/\/cnctulua.tv\/wp-content\/uploads\/2024\/03\/WhatsApp-Image-2024-03-05-at-5.46.22-PM-jpeg.webp 1280w\" sizes=\"auto, (max-width: 1024px) 100vw, 1024px\" \/><\/figure>\n\n\n\n<p>La rectora de la instituci\u00f3n educativa se pronunci\u00f3 frente a esta jornada y expres\u00f3 que es muy bueno que se ponga la mira en ciudades que han estado olvidadas por parte del gobierno.<\/p>\n","protected":false},"excerpt":{"rendered":"<p>El viernes 8 de marzo se llev\u00f3 a cabo una jornada de bienestar en la ciudad de Zacar\u00edas, Buenaventura en donde hicieron presencia 80 m\u00e9dicos para atender a la comunidad de todas las edades de esta regi\u00f3n del pa\u00eds. En articulaci\u00f3n con la Gobernaci\u00f3n del Valle del Cauca, la Armada Nacional y la Alcald\u00eda de [&hellip;]<\/p>\n","protected":false},"author":3,"featured_media":15872,"comment_status":"open","ping_status":"open","sticky":false,"template":"","format":"video","meta":{"footnotes":""},"categories":[10],"tags":[],"class_list":["post-15869","post","type-post","status-publish","format-video","has-post-thumbnail","hentry","category-cnc-noticias-tulua","post_format-post-format-video"],"_links":{"self":[{"href":"https:\/\/cnctulua.tv\/index.php?rest_route=\/wp\/v2\/posts\/15869","targetHints":{"allow":["GET"]}}],"collection":[{"href":"https:\/\/cnctulua.tv\/index.php?rest_route=\/wp\/v2\/posts"}],"about":[{"href":"https:\/\/cnctulua.tv\/index.php?rest_route=\/wp\/v2\/types\/post"}],"author":[{"embeddable":true,"href":"https:\/\/cnctulua.tv\/index.php?rest_route=\/wp\/v2\/users\/3"}],"replies":[{"embeddable":true,"href":"https:\/\/cnctulua.tv\/index.php?rest_route=%2Fwp%2Fv2%2Fcomments&post=15869"}],"version-history":[{"count":1,"href":"https:\/\/cnctulua.tv\/index.php?rest_route=\/wp\/v2\/posts\/15869\/revisions"}],"predecessor-version":[{"id":15873,"href":"https:\/\/cnctulua.tv\/index.php?rest_route=\/wp\/v2\/posts\/15869\/revisions\/15873"}],"wp:featuredmedia":[{"embeddable":true,"href":"https:\/\/cnctulua.tv\/index.php?rest_route=\/wp\/v2\/media\/15872"}],"wp:attachment":[{"href":"https:\/\/cnctulua.tv\/index.php?rest_route=%2Fwp%2Fv2%2Fmedia&parent=15869"}],"wp:term":[{"taxonomy":"category","embeddable":true,"href":"https:\/\/cnctulua.tv\/index.php?rest_route=%2Fwp%2Fv2%2Fcategories&post=15869"},{"taxonomy":"post_tag","embeddable":true,"href":"https:\/\/cnctulua.tv\/index.php?rest_route=%2Fwp%2Fv2%2Ftags&post=15869"}],"curies":[{"name":"wp","href":"https:\/\/api.w.org\/{rel}","templated":true}]}}