{"id":15892,"date":"2024-03-09T18:04:52","date_gmt":"2024-03-09T18:04:52","guid":{"rendered":"https:\/\/cnctulua.tv\/?p=15892"},"modified":"2024-03-09T18:04:55","modified_gmt":"2024-03-09T18:04:55","slug":"empresarios-y-gremios-del-departamento-respaldan-estrategia-de-corredores-seguros-para-fortalecer-la-seguridad-regional","status":"publish","type":"post","link":"https:\/\/cnctulua.tv\/?p=15892","title":{"rendered":"EMPRESARIOS Y GREMIOS DEL DEPARTAMENTO RESPALDAN ESTRATEGIA DE CORREDORES SEGUROS PARA FORTALECER LA SEGURIDAD REGIONAL."},"content":{"rendered":"\n<p>En un contundente respaldo, la Gobernaci\u00f3n del Valle destaca la implementaci\u00f3n de los \u00abCorredores Seguros\u00bb, recibiendo el apoyo un\u00e1nime del sector empresarial y diversos gremios del departamento. La estrategia, seg\u00fan las declaraciones, no solo promete fortalecer la seguridad regional, sino tambi\u00e9n garantizar un entorno propicio para la productividad y el desarrollo econ\u00f3mico.<\/p>\n\n\n\n<figure class=\"wp-block-embed is-type-video is-provider-youtube wp-block-embed-youtube wp-embed-aspect-16-9 wp-has-aspect-ratio\"><div class=\"wp-block-embed__wrapper\">\n<iframe loading=\"lazy\" title=\"\u201cCorredores Seguros&quot;: un firme respaldo de la Gobernaci\u00f3n del Valle y Empresarios.\" width=\"640\" height=\"360\" src=\"https:\/\/www.youtube.com\/embed\/MNOomFoIorg?feature=oembed\" frameborder=\"0\" allow=\"accelerometer; autoplay; clipboard-write; encrypted-media; gyroscope; picture-in-picture; web-share\" referrerpolicy=\"strict-origin-when-cross-origin\" allowfullscreen><\/iframe>\n<\/div><\/figure>\n\n\n\n<p>La gobernadora, enunciando la clave del proyecto, afirm\u00f3: \u00abVamos a trabajar articuladamente con la empresa privada, los ingenios y las fuerzas de seguridad para lograr un corredor de seguridad gremial e industrial\u00bb. La iniciativa se enmarca en una alianza p\u00fablico-privada que busca abordar no solo la seguridad f\u00edsica, sino tambi\u00e9n integrar acciones sociales.<\/p>\n\n\n\n<figure class=\"wp-block-image size-large\"><img loading=\"lazy\" decoding=\"async\" width=\"1024\" height=\"706\" src=\"https:\/\/cnctulua.tv\/wp-content\/uploads\/2024\/03\/WhatsApp-Image-2024-03-07-at-5.06.53-PM-1024x706.webp\" alt=\"\" class=\"wp-image-15893\" srcset=\"https:\/\/cnctulua.tv\/wp-content\/uploads\/2024\/03\/WhatsApp-Image-2024-03-07-at-5.06.53-PM-1024x706.webp 1024w, https:\/\/cnctulua.tv\/wp-content\/uploads\/2024\/03\/WhatsApp-Image-2024-03-07-at-5.06.53-PM-300x207.webp 300w, https:\/\/cnctulua.tv\/wp-content\/uploads\/2024\/03\/WhatsApp-Image-2024-03-07-at-5.06.53-PM-768x530.webp 768w, https:\/\/cnctulua.tv\/wp-content\/uploads\/2024\/03\/WhatsApp-Image-2024-03-07-at-5.06.53-PM-1536x1059.webp 1536w, https:\/\/cnctulua.tv\/wp-content\/uploads\/2024\/03\/WhatsApp-Image-2024-03-07-at-5.06.53-PM-2048x1412.webp 2048w, https:\/\/cnctulua.tv\/wp-content\/uploads\/2024\/03\/WhatsApp-Image-2024-03-07-at-5.06.53-PM-scaled.webp 1920w\" sizes=\"auto, (max-width: 1024px) 100vw, 1024px\" \/><\/figure>\n\n\n\n<p>La directora ejecutiva de ProPac\u00edfico, Mar\u00eda Isabel Ulloa, resalt\u00f3 el impacto del sector privado mediante iniciativas como &#8216;Compromiso Valle&#8217;: \u00abImplementamos programas de prevenci\u00f3n y disminuci\u00f3n de la violencia que han contribuido a reducir los niveles de inseguridad en barrios y territorios\u00bb.<\/p>\n\n\n\n<p>La colaboraci\u00f3n entre gobierno, empresa privada y la comunidad se presenta como una f\u00f3rmula integral para construir un entorno m\u00e1s seguro y propicio para el desarrollo en la regi\u00f3n.<\/p>\n","protected":false},"excerpt":{"rendered":"<p>En un contundente respaldo, la Gobernaci\u00f3n del Valle destaca la implementaci\u00f3n de los \u00abCorredores Seguros\u00bb, recibiendo el apoyo un\u00e1nime del sector empresarial y diversos gremios del departamento. La estrategia, seg\u00fan las declaraciones, no solo promete fortalecer la seguridad regional, sino tambi\u00e9n garantizar un entorno propicio para la productividad y el desarrollo econ\u00f3mico. La gobernadora, enunciando [&hellip;]<\/p>\n","protected":false},"author":3,"featured_media":15894,"comment_status":"open","ping_status":"open","sticky":false,"template":"","format":"video","meta":{"footnotes":""},"categories":[10],"tags":[],"class_list":["post-15892","post","type-post","status-publish","format-video","has-post-thumbnail","hentry","category-cnc-noticias-tulua","post_format-post-format-video"],"_links":{"self":[{"href":"https:\/\/cnctulua.tv\/index.php?rest_route=\/wp\/v2\/posts\/15892","targetHints":{"allow":["GET"]}}],"collection":[{"href":"https:\/\/cnctulua.tv\/index.php?rest_route=\/wp\/v2\/posts"}],"about":[{"href":"https:\/\/cnctulua.tv\/index.php?rest_route=\/wp\/v2\/types\/post"}],"author":[{"embeddable":true,"href":"https:\/\/cnctulua.tv\/index.php?rest_route=\/wp\/v2\/users\/3"}],"replies":[{"embeddable":true,"href":"https:\/\/cnctulua.tv\/index.php?rest_route=%2Fwp%2Fv2%2Fcomments&post=15892"}],"version-history":[{"count":1,"href":"https:\/\/cnctulua.tv\/index.php?rest_route=\/wp\/v2\/posts\/15892\/revisions"}],"predecessor-version":[{"id":15895,"href":"https:\/\/cnctulua.tv\/index.php?rest_route=\/wp\/v2\/posts\/15892\/revisions\/15895"}],"wp:featuredmedia":[{"embeddable":true,"href":"https:\/\/cnctulua.tv\/index.php?rest_route=\/wp\/v2\/media\/15894"}],"wp:attachment":[{"href":"https:\/\/cnctulua.tv\/index.php?rest_route=%2Fwp%2Fv2%2Fmedia&parent=15892"}],"wp:term":[{"taxonomy":"category","embeddable":true,"href":"https:\/\/cnctulua.tv\/index.php?rest_route=%2Fwp%2Fv2%2Fcategories&post=15892"},{"taxonomy":"post_tag","embeddable":true,"href":"https:\/\/cnctulua.tv\/index.php?rest_route=%2Fwp%2Fv2%2Ftags&post=15892"}],"curies":[{"name":"wp","href":"https:\/\/api.w.org\/{rel}","templated":true}]}}