{"id":15904,"date":"2024-03-11T15:06:12","date_gmt":"2024-03-11T15:06:12","guid":{"rendered":"https:\/\/cnctulua.tv\/?p=15904"},"modified":"2024-03-11T15:06:15","modified_gmt":"2024-03-11T15:06:15","slug":"fiscal-del-grupo-especial-contra-el-maltrato-animal-logra-judicializacion-por-practicas-veterinarias-ilegales-en-cali","status":"publish","type":"post","link":"https:\/\/cnctulua.tv\/?p=15904","title":{"rendered":"FISCAL DEL GRUPO ESPECIAL CONTRA EL MALTRATO ANIMAL LOGRA JUDICIALIZACI\u00d3N POR PR\u00c1CTICAS VETERINARIAS ILEGALES EN CALI."},"content":{"rendered":"\n<p>En un operativo llevado a cabo por la Fiscal\u00eda, Protecci\u00f3n Animal de Cali y la Polic\u00eda Nacional, se desmantel\u00f3 una red de pr\u00e1cticas veterinarias ilegales en la ciudad. Un hombre propietario de una cl\u00ednica veterinaria ha sido imputado por realizar procedimientos sin tener t\u00edtulo profesional ni la debida autorizaci\u00f3n.<\/p>\n\n\n\n<figure class=\"wp-block-embed is-type-video is-provider-youtube wp-block-embed-youtube wp-embed-aspect-16-9 wp-has-aspect-ratio\"><div class=\"wp-block-embed__wrapper\">\n<iframe loading=\"lazy\" title=\"Desarticulan red de pr\u00e1cticas veterinarias ilegales en Cali - Propietario Imputado.\" width=\"640\" height=\"360\" src=\"https:\/\/www.youtube.com\/embed\/6ezV_YP4BiU?feature=oembed\" frameborder=\"0\" allow=\"accelerometer; autoplay; clipboard-write; encrypted-media; gyroscope; picture-in-picture; web-share\" referrerpolicy=\"strict-origin-when-cross-origin\" allowfullscreen><\/iframe>\n<\/div><\/figure>\n\n\n\n<p>La acci\u00f3n se desencaden\u00f3 tras una denuncia ciudadana que alert\u00f3 sobre irregularidades en la cl\u00ednica. El operativo, realizado el pasado 5 de marzo, revel\u00f3 que el propietario operaba vali\u00e9ndose de documentos y certificados pertenecientes a terceros reconocidos por el Consejo de Medicina Veterinaria y de Zootecnia de Colombia.<\/p>\n\n\n\n<figure class=\"wp-block-image size-full\"><img loading=\"lazy\" decoding=\"async\" width=\"749\" height=\"899\" src=\"https:\/\/cnctulua.tv\/wp-content\/uploads\/2024\/03\/WhatsApp-Image-2024-03-11-at-8.36.53-AM-3-jpeg.webp\" alt=\"\" class=\"wp-image-15905\" srcset=\"https:\/\/cnctulua.tv\/wp-content\/uploads\/2024\/03\/WhatsApp-Image-2024-03-11-at-8.36.53-AM-3-jpeg.webp 749w, https:\/\/cnctulua.tv\/wp-content\/uploads\/2024\/03\/WhatsApp-Image-2024-03-11-at-8.36.53-AM-3-250x300.webp 250w\" sizes=\"auto, (max-width: 749px) 100vw, 749px\" \/><\/figure>\n\n\n\n<p>Durante la intervenci\u00f3n, se rescataron tres perros y dos gatos en condiciones de maltrato. Uno de los felinos, en estado cr\u00edtico, fue trasladado al Centro de Bienestar de Cali para recibir tratamiento especializado, luego de haber sido sometido a una intervenci\u00f3n quir\u00fargica inadecuada.<\/p>\n\n\n\n<p>El sujeto enfrentara cargos por falsedad en documento p\u00fablico, mientras que la Fiscal\u00eda avanza en la investigaci\u00f3n para determinar su posible vinculaci\u00f3n con casos de maltrato animal.<\/p>\n","protected":false},"excerpt":{"rendered":"<p>En un operativo llevado a cabo por la Fiscal\u00eda, Protecci\u00f3n Animal de Cali y la Polic\u00eda Nacional, se desmantel\u00f3 una red de pr\u00e1cticas veterinarias ilegales en la ciudad. Un hombre propietario de una cl\u00ednica veterinaria ha sido imputado por realizar procedimientos sin tener t\u00edtulo profesional ni la debida autorizaci\u00f3n. La acci\u00f3n se desencaden\u00f3 tras una [&hellip;]<\/p>\n","protected":false},"author":3,"featured_media":15906,"comment_status":"open","ping_status":"open","sticky":false,"template":"","format":"video","meta":{"footnotes":""},"categories":[10],"tags":[],"class_list":["post-15904","post","type-post","status-publish","format-video","has-post-thumbnail","hentry","category-cnc-noticias-tulua","post_format-post-format-video"],"_links":{"self":[{"href":"https:\/\/cnctulua.tv\/index.php?rest_route=\/wp\/v2\/posts\/15904","targetHints":{"allow":["GET"]}}],"collection":[{"href":"https:\/\/cnctulua.tv\/index.php?rest_route=\/wp\/v2\/posts"}],"about":[{"href":"https:\/\/cnctulua.tv\/index.php?rest_route=\/wp\/v2\/types\/post"}],"author":[{"embeddable":true,"href":"https:\/\/cnctulua.tv\/index.php?rest_route=\/wp\/v2\/users\/3"}],"replies":[{"embeddable":true,"href":"https:\/\/cnctulua.tv\/index.php?rest_route=%2Fwp%2Fv2%2Fcomments&post=15904"}],"version-history":[{"count":1,"href":"https:\/\/cnctulua.tv\/index.php?rest_route=\/wp\/v2\/posts\/15904\/revisions"}],"predecessor-version":[{"id":15907,"href":"https:\/\/cnctulua.tv\/index.php?rest_route=\/wp\/v2\/posts\/15904\/revisions\/15907"}],"wp:featuredmedia":[{"embeddable":true,"href":"https:\/\/cnctulua.tv\/index.php?rest_route=\/wp\/v2\/media\/15906"}],"wp:attachment":[{"href":"https:\/\/cnctulua.tv\/index.php?rest_route=%2Fwp%2Fv2%2Fmedia&parent=15904"}],"wp:term":[{"taxonomy":"category","embeddable":true,"href":"https:\/\/cnctulua.tv\/index.php?rest_route=%2Fwp%2Fv2%2Fcategories&post=15904"},{"taxonomy":"post_tag","embeddable":true,"href":"https:\/\/cnctulua.tv\/index.php?rest_route=%2Fwp%2Fv2%2Ftags&post=15904"}],"curies":[{"name":"wp","href":"https:\/\/api.w.org\/{rel}","templated":true}]}}