{"id":15909,"date":"2024-03-11T15:13:41","date_gmt":"2024-03-11T15:13:41","guid":{"rendered":"https:\/\/cnctulua.tv\/?p=15909"},"modified":"2024-03-11T15:13:46","modified_gmt":"2024-03-11T15:13:46","slug":"desarticulada-banda-delictiva-los-manaos-dedicada-al-fleteo-en-varios-departamentos-del-pais","status":"publish","type":"post","link":"https:\/\/cnctulua.tv\/?p=15909","title":{"rendered":"DESARTICULADA BANDA DELICTIVA \u00abLOS MANAOS\u00bb DEDICADA AL FLETEO EN VARIOS DEPARTAMENTOS DEL PA\u00cdS."},"content":{"rendered":"\n<p>En una acci\u00f3n conjunta entre la Polic\u00eda Metropolitana Santiago de Cali y la Seccional de Investigaci\u00f3n Judicial (SIJIN), se llevaron a cabo \u00f3rdenes de captura en los barrios Terr\u00f3n Colorado, Manuela Beltr\u00e1n, Jun\u00edn y en Bello Antioquia, desarticulando una peligrosa banda conocida en el bajo mundo como &#8216;Los Manaos&#8217;. Cuatro individuos, apodados &#8216;taxista&#8217;, &#8216;viejo&#8217;, &#8216;Maracucho&#8217; y &#8216;Tavo&#8217;, fueron detenidos, tres de ellos de nacionalidad extranjera. Adem\u00e1s, se realizaron dos imputaciones a miembros de la misma organizaci\u00f3n que ya estaban bajo detenci\u00f3n intramural por hechos previos.<\/p>\n\n\n\n<figure class=\"wp-block-embed is-type-video is-provider-youtube wp-block-embed-youtube wp-embed-aspect-16-9 wp-has-aspect-ratio\"><div class=\"wp-block-embed__wrapper\">\n<iframe loading=\"lazy\" title=\"Operaci\u00f3n Policial desmantela red criminal &#039;Los Manaos&#039; en Cali y Antioquia.\" width=\"640\" height=\"360\" src=\"https:\/\/www.youtube.com\/embed\/S3I6HLoAcpw?feature=oembed\" frameborder=\"0\" allow=\"accelerometer; autoplay; clipboard-write; encrypted-media; gyroscope; picture-in-picture; web-share\" referrerpolicy=\"strict-origin-when-cross-origin\" allowfullscreen><\/iframe>\n<\/div><\/figure>\n\n\n\n<p>La operaci\u00f3n, que incluy\u00f3 10 diligencias de registro y allanamiento, result\u00f3 en la incautaci\u00f3n de un lujoso veh\u00edculo, ocho tarjetas d\u00e9bito y cr\u00e9dito, siete tel\u00e9fonos celulares y cartuchos de munici\u00f3n, elementos vinculados a actividades delictivas.<\/p>\n\n\n\n<p>La investigaci\u00f3n de la SIJIN desvel\u00f3 que &#8216;Los Manaos&#8217; se especializaban en la modalidad de fleteo, cometiendo robos a personas en ciudades como Cali, Pereira, Villavicencio, Ibagu\u00e9, Buga y Palmira.<\/p>\n\n\n\n<p>El modus operandi de la banda implicaba seguir y perfilar a v\u00edctimas que retiraban grandes sumas de dinero para posteriormente interceptarlas y cometer el hurto. &#8216;Viejo&#8217; y &#8216;Tavo&#8217; eran responsables de ejecutar estos actos, mientras que se presume que &#8216;taxista&#8217; facilitaba veh\u00edculos de alta gama para su huida, todo bajo la direcci\u00f3n de su l\u00edder, &#8216;Maracucho&#8217;.<\/p>\n\n\n\n<p>Se destaca la presunta participaci\u00f3n de la banda en el robo de $40 millones de pesos a extranjeros en el norte de Cali el pasado 23 de septiembre. La labor meticulosa de la Polic\u00eda Metropolitana, con m\u00e1s de 1.100 horas de an\u00e1lisis de video, 720 horas de desplazamientos, entrevistas exhaustivas y reconocimientos fotogr\u00e1ficos, condujo a la identificaci\u00f3n, ubicaci\u00f3n y captura de los implicados.<\/p>\n\n\n\n<p>Se estima que &#8216;Los Manaos&#8217; ser\u00edan responsables de cuatro hurtos, con un valor aproximado de $270 millones de pesos. Los detenidos, con antecedentes por diversos delitos, fueron puestos a disposici\u00f3n de la Fiscal\u00eda General de la Naci\u00f3n. Un Juez de Control de Garant\u00edas les impuso medida de aseguramiento intramural por concierto para delinquir, hurto calificado y agravado, as\u00ed como fabricaci\u00f3n, tr\u00e1fico y porte de armas de fuego y municiones.<\/p>\n\n\n\n<figure class=\"wp-block-image size-large\"><img loading=\"lazy\" decoding=\"async\" width=\"1024\" height=\"766\" src=\"https:\/\/cnctulua.tv\/wp-content\/uploads\/2024\/03\/WhatsApp-Image-2024-03-11-at-8.23.57-AM-1024x766.webp\" alt=\"\" class=\"wp-image-15910\" srcset=\"https:\/\/cnctulua.tv\/wp-content\/uploads\/2024\/03\/WhatsApp-Image-2024-03-11-at-8.23.57-AM-1024x766.webp 1024w, https:\/\/cnctulua.tv\/wp-content\/uploads\/2024\/03\/WhatsApp-Image-2024-03-11-at-8.23.57-AM-300x224.webp 300w, https:\/\/cnctulua.tv\/wp-content\/uploads\/2024\/03\/WhatsApp-Image-2024-03-11-at-8.23.57-AM-768x575.webp 768w, https:\/\/cnctulua.tv\/wp-content\/uploads\/2024\/03\/WhatsApp-Image-2024-03-11-at-8.23.57-AM-jpeg.webp 1160w\" sizes=\"auto, (max-width: 1024px) 100vw, 1024px\" \/><\/figure>\n\n\n\n<p>La Polic\u00eda Metropolitana Santiago de Cali hace un llamado a la comunidad para proporcionar informaci\u00f3n que contribuya a combatir la delincuencia, garantizando completa confidencialidad a trav\u00e9s de diversas l\u00edneas, incluyendo el n\u00famero contra el multicrimen 3143587212, el celular 3214317837, la l\u00ednea de emergencia 123 o 156 de la Red de Cooperantes.<\/p>\n","protected":false},"excerpt":{"rendered":"<p>En una acci\u00f3n conjunta entre la Polic\u00eda Metropolitana Santiago de Cali y la Seccional de Investigaci\u00f3n Judicial (SIJIN), se llevaron a cabo \u00f3rdenes de captura en los barrios Terr\u00f3n Colorado, Manuela Beltr\u00e1n, Jun\u00edn y en Bello Antioquia, desarticulando una peligrosa banda conocida en el bajo mundo como &#8216;Los Manaos&#8217;. Cuatro individuos, apodados &#8216;taxista&#8217;, &#8216;viejo&#8217;, &#8216;Maracucho&#8217; [&hellip;]<\/p>\n","protected":false},"author":3,"featured_media":15911,"comment_status":"open","ping_status":"open","sticky":false,"template":"","format":"video","meta":{"footnotes":""},"categories":[10],"tags":[],"class_list":["post-15909","post","type-post","status-publish","format-video","has-post-thumbnail","hentry","category-cnc-noticias-tulua","post_format-post-format-video"],"_links":{"self":[{"href":"https:\/\/cnctulua.tv\/index.php?rest_route=\/wp\/v2\/posts\/15909","targetHints":{"allow":["GET"]}}],"collection":[{"href":"https:\/\/cnctulua.tv\/index.php?rest_route=\/wp\/v2\/posts"}],"about":[{"href":"https:\/\/cnctulua.tv\/index.php?rest_route=\/wp\/v2\/types\/post"}],"author":[{"embeddable":true,"href":"https:\/\/cnctulua.tv\/index.php?rest_route=\/wp\/v2\/users\/3"}],"replies":[{"embeddable":true,"href":"https:\/\/cnctulua.tv\/index.php?rest_route=%2Fwp%2Fv2%2Fcomments&post=15909"}],"version-history":[{"count":1,"href":"https:\/\/cnctulua.tv\/index.php?rest_route=\/wp\/v2\/posts\/15909\/revisions"}],"predecessor-version":[{"id":15912,"href":"https:\/\/cnctulua.tv\/index.php?rest_route=\/wp\/v2\/posts\/15909\/revisions\/15912"}],"wp:featuredmedia":[{"embeddable":true,"href":"https:\/\/cnctulua.tv\/index.php?rest_route=\/wp\/v2\/media\/15911"}],"wp:attachment":[{"href":"https:\/\/cnctulua.tv\/index.php?rest_route=%2Fwp%2Fv2%2Fmedia&parent=15909"}],"wp:term":[{"taxonomy":"category","embeddable":true,"href":"https:\/\/cnctulua.tv\/index.php?rest_route=%2Fwp%2Fv2%2Fcategories&post=15909"},{"taxonomy":"post_tag","embeddable":true,"href":"https:\/\/cnctulua.tv\/index.php?rest_route=%2Fwp%2Fv2%2Ftags&post=15909"}],"curies":[{"name":"wp","href":"https:\/\/api.w.org\/{rel}","templated":true}]}}