{"id":15913,"date":"2024-03-11T16:06:31","date_gmt":"2024-03-11T16:06:31","guid":{"rendered":"https:\/\/cnctulua.tv\/?p=15913"},"modified":"2024-03-11T16:06:33","modified_gmt":"2024-03-11T16:06:33","slug":"detencion-de-menor-de-16-anos-por-presunto-homicidio-en-yumbo","status":"publish","type":"post","link":"https:\/\/cnctulua.tv\/?p=15913","title":{"rendered":"DETENCI\u00d3N DE MENOR DE 16 A\u00d1OS POR PRESUNTO HOMICIDIO EN YUMBO."},"content":{"rendered":"\n<p>La Polic\u00eda Metropolitana de Santiago de Cali ha llevado a cabo la detenci\u00f3n de un menor de 16 a\u00f1os por su presunta participaci\u00f3n en un homicidio ocurrido el pasado 21 de febrero. El Comandante de la Polic\u00eda Metropolitana, Coronel Carlos Oviedo Lamprea, inform\u00f3 en una conferencia de prensa sobre el arduo trabajo de investigaci\u00f3n que condujo a la obtenci\u00f3n de una orden judicial para la aprehensi\u00f3n del joven. Este caso, que involucra cargos de homicidio agravado y posesi\u00f3n ilegal.<\/p>\n\n\n\n<p><\/p>\n\n\n\n<figure class=\"wp-block-embed is-type-video is-provider-youtube wp-block-embed-youtube wp-embed-aspect-16-9 wp-has-aspect-ratio\"><div class=\"wp-block-embed__wrapper\">\n<iframe loading=\"lazy\" title=\"Capturan menor de 16 a\u00f1os por Homicidio en Yumbo.\" width=\"640\" height=\"360\" src=\"https:\/\/www.youtube.com\/embed\/-Yl3minSiUI?feature=oembed\" frameborder=\"0\" allow=\"accelerometer; autoplay; clipboard-write; encrypted-media; gyroscope; picture-in-picture; web-share\" referrerpolicy=\"strict-origin-when-cross-origin\" allowfullscreen><\/iframe>\n<\/div><\/figure>\n\n\n\n<p>El Grupo Especial de la Seccional de Investigaci\u00f3n Criminal, en colaboraci\u00f3n con el equipo de Infancia y Adolescencia y la Fiscal\u00eda General de la Naci\u00f3n, despleg\u00f3 un seguimiento exhaustivo basado en an\u00e1lisis de c\u00e1maras de circuito cerrado y testimonios de la comunidad. La efectividad de esta labor coordinada llev\u00f3 al descubrimiento de pruebas significativas durante el allanamiento en la residencia del menor, incluyendo lesiones en sus brazos y prendas con evidencia de sangre.<\/p>\n\n\n\n<p>El joven acept\u00f3 los cargos presentados y fue puesto bajo medida de internamiento preventivo en un centro de atenci\u00f3n especializado en Valle de Lili. La incertidumbre en la comunidad persiste, y muchas personas se preguntan sobre el destino y la duraci\u00f3n de la pena para el acusado.<\/p>\n\n\n\n<p>El proceso judicial ahora aguarda la audiencia ante el juez especializado n\u00famero 111, donde se presentar\u00e1n las pruebas recopiladas por el fiscal para tomar decisiones judiciales cruciales.<\/p>\n","protected":false},"excerpt":{"rendered":"<p>La Polic\u00eda Metropolitana de Santiago de Cali ha llevado a cabo la detenci\u00f3n de un menor de 16 a\u00f1os por su presunta participaci\u00f3n en un homicidio ocurrido el pasado 21 de febrero. El Comandante de la Polic\u00eda Metropolitana, Coronel Carlos Oviedo Lamprea, inform\u00f3 en una conferencia de prensa sobre el arduo trabajo de investigaci\u00f3n que [&hellip;]<\/p>\n","protected":false},"author":3,"featured_media":15914,"comment_status":"open","ping_status":"open","sticky":false,"template":"","format":"video","meta":{"footnotes":""},"categories":[10],"tags":[],"class_list":["post-15913","post","type-post","status-publish","format-video","has-post-thumbnail","hentry","category-cnc-noticias-tulua","post_format-post-format-video"],"_links":{"self":[{"href":"https:\/\/cnctulua.tv\/index.php?rest_route=\/wp\/v2\/posts\/15913","targetHints":{"allow":["GET"]}}],"collection":[{"href":"https:\/\/cnctulua.tv\/index.php?rest_route=\/wp\/v2\/posts"}],"about":[{"href":"https:\/\/cnctulua.tv\/index.php?rest_route=\/wp\/v2\/types\/post"}],"author":[{"embeddable":true,"href":"https:\/\/cnctulua.tv\/index.php?rest_route=\/wp\/v2\/users\/3"}],"replies":[{"embeddable":true,"href":"https:\/\/cnctulua.tv\/index.php?rest_route=%2Fwp%2Fv2%2Fcomments&post=15913"}],"version-history":[{"count":1,"href":"https:\/\/cnctulua.tv\/index.php?rest_route=\/wp\/v2\/posts\/15913\/revisions"}],"predecessor-version":[{"id":15915,"href":"https:\/\/cnctulua.tv\/index.php?rest_route=\/wp\/v2\/posts\/15913\/revisions\/15915"}],"wp:featuredmedia":[{"embeddable":true,"href":"https:\/\/cnctulua.tv\/index.php?rest_route=\/wp\/v2\/media\/15914"}],"wp:attachment":[{"href":"https:\/\/cnctulua.tv\/index.php?rest_route=%2Fwp%2Fv2%2Fmedia&parent=15913"}],"wp:term":[{"taxonomy":"category","embeddable":true,"href":"https:\/\/cnctulua.tv\/index.php?rest_route=%2Fwp%2Fv2%2Fcategories&post=15913"},{"taxonomy":"post_tag","embeddable":true,"href":"https:\/\/cnctulua.tv\/index.php?rest_route=%2Fwp%2Fv2%2Ftags&post=15913"}],"curies":[{"name":"wp","href":"https:\/\/api.w.org\/{rel}","templated":true}]}}