{"id":15921,"date":"2024-03-11T16:43:04","date_gmt":"2024-03-11T16:43:04","guid":{"rendered":"https:\/\/cnctulua.tv\/?p=15921"},"modified":"2024-03-11T16:44:39","modified_gmt":"2024-03-11T16:44:39","slug":"estrategias-para-atraer-turismo-y-desarrollo-local-fue-el-stand-del-valle-del-cauca-en-la-feria","status":"publish","type":"post","link":"https:\/\/cnctulua.tv\/?p=15921","title":{"rendered":"ESTRATEGIAS PARA ATRAER TURISMO Y DESARROLLO LOCAL FUE EL STAND DEL VALLE DEL CAUCA EN LA FERIA."},"content":{"rendered":"\n<p>La vitrina tur\u00edstica de la Feria de Turismo ANATO 2024 se llev\u00f3 a cabo los d\u00edas 28, 29 de febrero y el 1 de marzo del presente a\u00f1o. En esta feria, la C\u00e1mara de Comercio de Tulu\u00e1 tuvo la oportunidad de participar junto a 6 empresarios para mostrar los atractivos que tiene la regi\u00f3n vallecaucana en t\u00e9rminos tur\u00edsticos y atraer visitantes a esta regi\u00f3n.<\/p>\n\n\n\n<figure class=\"wp-block-embed is-type-video is-provider-youtube wp-block-embed-youtube wp-embed-aspect-16-9 wp-has-aspect-ratio\"><div class=\"wp-block-embed__wrapper\">\n<iframe loading=\"lazy\" title=\"C\u00e1mara de Comercio de Tulu\u00e1 particip\u00f3 en la Feria de Turismo ANATO.\" width=\"640\" height=\"360\" src=\"https:\/\/www.youtube.com\/embed\/7yW1HkP3gFg?feature=oembed\" frameborder=\"0\" allow=\"accelerometer; autoplay; clipboard-write; encrypted-media; gyroscope; picture-in-picture; web-share\" referrerpolicy=\"strict-origin-when-cross-origin\" allowfullscreen><\/iframe>\n<\/div><\/figure>\n\n\n\n<p>Todos los departamentos de Colombia mostraron lo mejor que tiene el turismo y negociaron con diferentes mayoristas como aerol\u00edneas y dem\u00e1s para atraer turismo a sus respectivos departamentos. El Valle del Cauca present\u00f3 un stand en el que se expuso el desarrollo y lo m\u00e1s relevante con respecto al turismo del departamento, realizando negociaciones para promover a\u00fan m\u00e1s el progreso tur\u00edstico de esta regi\u00f3n.<\/p>\n\n\n\n<figure class=\"wp-block-gallery has-nested-images columns-default is-cropped wp-block-gallery-1 is-layout-flex wp-block-gallery-is-layout-flex\">\n<figure class=\"wp-block-image size-large\"><img loading=\"lazy\" decoding=\"async\" width=\"750\" height=\"450\" data-id=\"15925\" src=\"https:\/\/cnctulua.tv\/wp-content\/uploads\/2024\/03\/WhatsApp-Image-2024-03-11-at-11.42.04-AM-jpeg.webp\" alt=\"\" class=\"wp-image-15925\" srcset=\"https:\/\/cnctulua.tv\/wp-content\/uploads\/2024\/03\/WhatsApp-Image-2024-03-11-at-11.42.04-AM-jpeg.webp 750w, https:\/\/cnctulua.tv\/wp-content\/uploads\/2024\/03\/WhatsApp-Image-2024-03-11-at-11.42.04-AM-300x180.webp 300w\" sizes=\"auto, (max-width: 750px) 100vw, 750px\" \/><\/figure>\n<\/figure>\n\n\n\n<p>La C\u00e1mara de Comercio de Tulu\u00e1 ha acompa\u00f1ado al municipio de Trujillo y de R\u00edo Fr\u00edo en la construcci\u00f3n de la pol\u00edtica p\u00fablica y la actualizaci\u00f3n de su plan sectorial de turismo. Adem\u00e1s, en Tulu\u00e1 se estableci\u00f3 a trav\u00e9s de una iniciativa privada con varios empresarios del municipio una marca de territorio \u00abTulu\u00e1, coraz\u00f3n del Valle\u00bb para resaltar el valor del municipio.<\/p>\n","protected":false},"excerpt":{"rendered":"<p>La vitrina tur\u00edstica de la Feria de Turismo ANATO 2024 se llev\u00f3 a cabo los d\u00edas 28, 29 de febrero y el 1 de marzo del presente a\u00f1o. En esta feria, la C\u00e1mara de Comercio de Tulu\u00e1 tuvo la oportunidad de participar junto a 6 empresarios para mostrar los atractivos que tiene la regi\u00f3n vallecaucana [&hellip;]<\/p>\n","protected":false},"author":3,"featured_media":15922,"comment_status":"open","ping_status":"open","sticky":false,"template":"","format":"video","meta":{"footnotes":""},"categories":[10],"tags":[],"class_list":["post-15921","post","type-post","status-publish","format-video","has-post-thumbnail","hentry","category-cnc-noticias-tulua","post_format-post-format-video"],"_links":{"self":[{"href":"https:\/\/cnctulua.tv\/index.php?rest_route=\/wp\/v2\/posts\/15921","targetHints":{"allow":["GET"]}}],"collection":[{"href":"https:\/\/cnctulua.tv\/index.php?rest_route=\/wp\/v2\/posts"}],"about":[{"href":"https:\/\/cnctulua.tv\/index.php?rest_route=\/wp\/v2\/types\/post"}],"author":[{"embeddable":true,"href":"https:\/\/cnctulua.tv\/index.php?rest_route=\/wp\/v2\/users\/3"}],"replies":[{"embeddable":true,"href":"https:\/\/cnctulua.tv\/index.php?rest_route=%2Fwp%2Fv2%2Fcomments&post=15921"}],"version-history":[{"count":3,"href":"https:\/\/cnctulua.tv\/index.php?rest_route=\/wp\/v2\/posts\/15921\/revisions"}],"predecessor-version":[{"id":15927,"href":"https:\/\/cnctulua.tv\/index.php?rest_route=\/wp\/v2\/posts\/15921\/revisions\/15927"}],"wp:featuredmedia":[{"embeddable":true,"href":"https:\/\/cnctulua.tv\/index.php?rest_route=\/wp\/v2\/media\/15922"}],"wp:attachment":[{"href":"https:\/\/cnctulua.tv\/index.php?rest_route=%2Fwp%2Fv2%2Fmedia&parent=15921"}],"wp:term":[{"taxonomy":"category","embeddable":true,"href":"https:\/\/cnctulua.tv\/index.php?rest_route=%2Fwp%2Fv2%2Fcategories&post=15921"},{"taxonomy":"post_tag","embeddable":true,"href":"https:\/\/cnctulua.tv\/index.php?rest_route=%2Fwp%2Fv2%2Ftags&post=15921"}],"curies":[{"name":"wp","href":"https:\/\/api.w.org\/{rel}","templated":true}]}}