{"id":15928,"date":"2024-03-11T18:44:30","date_gmt":"2024-03-11T18:44:30","guid":{"rendered":"https:\/\/cnctulua.tv\/?p=15928"},"modified":"2024-03-11T18:44:34","modified_gmt":"2024-03-11T18:44:34","slug":"suboficial-del-ejercito-cae-en-operativo-nocturno-ante-presunta-presencia-de-alias-fantasma-en-la-maria-municipio-del-aguila","status":"publish","type":"post","link":"https:\/\/cnctulua.tv\/?p=15928","title":{"rendered":"SUBOFICIAL DEL EJ\u00c9RCITO CAE EN OPERATIVO NOCTURNO ANTE PRESUNTA PRESENCIA DE ALIAS &#8216;FANTASMA&#8217; EN LA MAR\u00cdA, MUNICIPIO DEL \u00c1GUILA."},"content":{"rendered":"\n<p>En la ma\u00f1ana de este domingo, las autoridades confirmaron la tr\u00e1gica muerte del <a>suboficial del Ej\u00e9rcito, Elver Yesid P\u00e9rez Pardo, <\/a>durante un operativo llevado a cabo en el corregimiento de La Mar\u00eda, municipio del \u00c1guila, Valle del Cauca, el pasado s\u00e1bado por la noche.<\/p>\n\n\n\n<p>El incidente ocurri\u00f3 alrededor de las 9 de la noche cuando P\u00e9rez Pardo, junto con otros agentes, fue notificado por la Dij\u00edn sobre la \u00absupuesta presencia de alias &#8216;Fantasma'\u00bb, principal cabecilla del grupo delincuencial &#8216;La Nueva Generaci\u00f3n&#8217;, en la zona.<\/p>\n\n\n\n<figure class=\"wp-block-embed is-type-video is-provider-youtube wp-block-embed-youtube wp-embed-aspect-16-9 wp-has-aspect-ratio\"><div class=\"wp-block-embed__wrapper\">\n<iframe loading=\"lazy\" title=\"Enfrentamiento municipio de El \u00c1guila deja un suboficial del Ej\u00e9rcito sin vida.\" width=\"640\" height=\"360\" src=\"https:\/\/www.youtube.com\/embed\/gdpseeCWScM?feature=oembed\" frameborder=\"0\" allow=\"accelerometer; autoplay; clipboard-write; encrypted-media; gyroscope; picture-in-picture; web-share\" referrerpolicy=\"strict-origin-when-cross-origin\" allowfullscreen><\/iframe>\n<\/div><\/figure>\n\n\n\n<p>En medio del operativo de allanamiento, al llegar a una vivienda con la puerta abierta, los uniformados se encontraron con \u00abdos mujeres\u00bb. Al dirigirse a la parte trasera de la casa para inspeccionar las habitaciones, fueron sorprendidos por la \u00absombra de dos personas\u00bb que respondieron \u00abdisparando contra el personal del Ej\u00e9rcito y Polic\u00eda\u00bb.<\/p>\n\n\n\n<p>Tr\u00e1gicamente, el suboficial P\u00e9rez Pardo result\u00f3 \u00abherido de muerte\u00bb en el enfrentamiento, mientras que los agresores lograron huir de la escena. Uno de ellos fue alcanzado por las autoridades y, aunque recibi\u00f3 atenci\u00f3n m\u00e9dica, \u00abfalleci\u00f3 debido a la herida que recibi\u00f3\u00bb.<\/p>\n\n\n\n<p>La Fiscal\u00eda, que asumi\u00f3 la investigaci\u00f3n, confirm\u00f3 que en el lugar perdieron la vida \u00abdos civiles y el uniformado\u00bb. El CTI de la Fiscal\u00eda llev\u00f3 a cabo los actos urgentes y contin\u00faa con las investigaciones para esclarecer los detalles de este lamentable suceso.<\/p>\n","protected":false},"excerpt":{"rendered":"<p>En la ma\u00f1ana de este domingo, las autoridades confirmaron la tr\u00e1gica muerte del suboficial del Ej\u00e9rcito, Elver Yesid P\u00e9rez Pardo, durante un operativo llevado a cabo en el corregimiento de La Mar\u00eda, municipio del \u00c1guila, Valle del Cauca, el pasado s\u00e1bado por la noche. El incidente ocurri\u00f3 alrededor de las 9 de la noche cuando [&hellip;]<\/p>\n","protected":false},"author":3,"featured_media":15959,"comment_status":"open","ping_status":"open","sticky":false,"template":"","format":"video","meta":{"footnotes":""},"categories":[10],"tags":[],"class_list":["post-15928","post","type-post","status-publish","format-video","has-post-thumbnail","hentry","category-cnc-noticias-tulua","post_format-post-format-video"],"_links":{"self":[{"href":"https:\/\/cnctulua.tv\/index.php?rest_route=\/wp\/v2\/posts\/15928","targetHints":{"allow":["GET"]}}],"collection":[{"href":"https:\/\/cnctulua.tv\/index.php?rest_route=\/wp\/v2\/posts"}],"about":[{"href":"https:\/\/cnctulua.tv\/index.php?rest_route=\/wp\/v2\/types\/post"}],"author":[{"embeddable":true,"href":"https:\/\/cnctulua.tv\/index.php?rest_route=\/wp\/v2\/users\/3"}],"replies":[{"embeddable":true,"href":"https:\/\/cnctulua.tv\/index.php?rest_route=%2Fwp%2Fv2%2Fcomments&post=15928"}],"version-history":[{"count":1,"href":"https:\/\/cnctulua.tv\/index.php?rest_route=\/wp\/v2\/posts\/15928\/revisions"}],"predecessor-version":[{"id":15960,"href":"https:\/\/cnctulua.tv\/index.php?rest_route=\/wp\/v2\/posts\/15928\/revisions\/15960"}],"wp:featuredmedia":[{"embeddable":true,"href":"https:\/\/cnctulua.tv\/index.php?rest_route=\/wp\/v2\/media\/15959"}],"wp:attachment":[{"href":"https:\/\/cnctulua.tv\/index.php?rest_route=%2Fwp%2Fv2%2Fmedia&parent=15928"}],"wp:term":[{"taxonomy":"category","embeddable":true,"href":"https:\/\/cnctulua.tv\/index.php?rest_route=%2Fwp%2Fv2%2Fcategories&post=15928"},{"taxonomy":"post_tag","embeddable":true,"href":"https:\/\/cnctulua.tv\/index.php?rest_route=%2Fwp%2Fv2%2Ftags&post=15928"}],"curies":[{"name":"wp","href":"https:\/\/api.w.org\/{rel}","templated":true}]}}