{"id":15934,"date":"2024-03-11T17:32:17","date_gmt":"2024-03-11T17:32:17","guid":{"rendered":"https:\/\/cnctulua.tv\/?p=15934"},"modified":"2024-03-11T17:32:20","modified_gmt":"2024-03-11T17:32:20","slug":"operativo-en-cartago-capturado-sospechoso-de-homicidio-y-trafico-de-armas","status":"publish","type":"post","link":"https:\/\/cnctulua.tv\/?p=15934","title":{"rendered":"OPERATIVO EN CARTAGO: Capturado Sospechoso de Homicidio y Tr\u00e1fico de Armas."},"content":{"rendered":"\n<p>En una acci\u00f3n coordinada entre la Seccional de Investigaci\u00f3n Criminal y el cuadrante del municipio de Cartago, las autoridades llevaron a cabo la detenci\u00f3n de Alejandro Varela Restrepo, un individuo de 28 a\u00f1os requerido por cargos de homicidio agravado en concurso con fabricaci\u00f3n, tr\u00e1fico, porte de armas de fuego, accesorios, partes o municiones.<\/p>\n\n\n\n<figure class=\"wp-block-embed is-type-video is-provider-youtube wp-block-embed-youtube wp-embed-aspect-16-9 wp-has-aspect-ratio\"><div class=\"wp-block-embed__wrapper\">\n<iframe loading=\"lazy\" title=\"Capturado en Cartago hombre requerido por homicidio.\" width=\"640\" height=\"360\" src=\"https:\/\/www.youtube.com\/embed\/Qtm6pkChgkk?feature=oembed\" frameborder=\"0\" allow=\"accelerometer; autoplay; clipboard-write; encrypted-media; gyroscope; picture-in-picture; web-share\" referrerpolicy=\"strict-origin-when-cross-origin\" allowfullscreen><\/iframe>\n<\/div><\/figure>\n\n\n\n<p>La captura se realiz\u00f3 en plena v\u00eda p\u00fablica del barrio La Arenera como parte de las actividades operativas enmarcadas en la estrategia policial \u00abSeguridad en el Territorio\u00bb y la ofensiva nacional contra el delito.<\/p>\n\n\n\n<p>El arrestado es se\u00f1alado de atacar con un arma de fuego a Kevin Andres Suaza Villa el pasado 29 de febrero de 2024, en el barrio Centro de Cartago. Las autoridades, tras una rigurosa investigaci\u00f3n, lograron recopilar pruebas suficientes para vincular al presunto agresor con el crimen.<\/p>\n\n\n\n<p>Una vez presentado ante un juez de la rep\u00fablica, Varela Restrepo fue cobijado con medida privativa de la libertad, asegurando su comparecencia ante la justicia para responder por los delitos imputados.<\/p>\n","protected":false},"excerpt":{"rendered":"<p>En una acci\u00f3n coordinada entre la Seccional de Investigaci\u00f3n Criminal y el cuadrante del municipio de Cartago, las autoridades llevaron a cabo la detenci\u00f3n de Alejandro Varela Restrepo, un individuo de 28 a\u00f1os requerido por cargos de homicidio agravado en concurso con fabricaci\u00f3n, tr\u00e1fico, porte de armas de fuego, accesorios, partes o municiones. La captura [&hellip;]<\/p>\n","protected":false},"author":3,"featured_media":15935,"comment_status":"open","ping_status":"open","sticky":false,"template":"","format":"video","meta":{"footnotes":""},"categories":[10],"tags":[],"class_list":["post-15934","post","type-post","status-publish","format-video","has-post-thumbnail","hentry","category-cnc-noticias-tulua","post_format-post-format-video"],"_links":{"self":[{"href":"https:\/\/cnctulua.tv\/index.php?rest_route=\/wp\/v2\/posts\/15934","targetHints":{"allow":["GET"]}}],"collection":[{"href":"https:\/\/cnctulua.tv\/index.php?rest_route=\/wp\/v2\/posts"}],"about":[{"href":"https:\/\/cnctulua.tv\/index.php?rest_route=\/wp\/v2\/types\/post"}],"author":[{"embeddable":true,"href":"https:\/\/cnctulua.tv\/index.php?rest_route=\/wp\/v2\/users\/3"}],"replies":[{"embeddable":true,"href":"https:\/\/cnctulua.tv\/index.php?rest_route=%2Fwp%2Fv2%2Fcomments&post=15934"}],"version-history":[{"count":1,"href":"https:\/\/cnctulua.tv\/index.php?rest_route=\/wp\/v2\/posts\/15934\/revisions"}],"predecessor-version":[{"id":15936,"href":"https:\/\/cnctulua.tv\/index.php?rest_route=\/wp\/v2\/posts\/15934\/revisions\/15936"}],"wp:featuredmedia":[{"embeddable":true,"href":"https:\/\/cnctulua.tv\/index.php?rest_route=\/wp\/v2\/media\/15935"}],"wp:attachment":[{"href":"https:\/\/cnctulua.tv\/index.php?rest_route=%2Fwp%2Fv2%2Fmedia&parent=15934"}],"wp:term":[{"taxonomy":"category","embeddable":true,"href":"https:\/\/cnctulua.tv\/index.php?rest_route=%2Fwp%2Fv2%2Fcategories&post=15934"},{"taxonomy":"post_tag","embeddable":true,"href":"https:\/\/cnctulua.tv\/index.php?rest_route=%2Fwp%2Fv2%2Ftags&post=15934"}],"curies":[{"name":"wp","href":"https:\/\/api.w.org\/{rel}","templated":true}]}}