{"id":15947,"date":"2024-03-11T18:27:50","date_gmt":"2024-03-11T18:27:50","guid":{"rendered":"https:\/\/cnctulua.tv\/?p=15947"},"modified":"2024-03-11T18:27:53","modified_gmt":"2024-03-11T18:27:53","slug":"un-futuro-sostenible-para-la-bocana-inauguracion-del-centro-de-reciclaje","status":"publish","type":"post","link":"https:\/\/cnctulua.tv\/?p=15947","title":{"rendered":"UN FUTURO SOSTENIBLE PARA LA BOCANA: INAUGURACI\u00d3N DEL CENTRO DE RECICLAJE."},"content":{"rendered":"\n<p>En una emotiva ceremonia, los habitantes de Baz\u00e1n La Bocana fueron testigos del comienzo de una nueva era con la inauguraci\u00f3n del Centro de Reciclaje y Transformaci\u00f3n de Material Recuperado. La gobernadora Dilian Francisca Toro, en una declaraci\u00f3n resonante, expres\u00f3: \u00abEste es el comienzo de la soluci\u00f3n a un problema muy grande que tiene La Bocana.\u00bb<\/p>\n\n\n\n<figure class=\"wp-block-embed is-type-video is-provider-youtube wp-block-embed-youtube wp-embed-aspect-16-9 wp-has-aspect-ratio\"><div class=\"wp-block-embed__wrapper\">\n<iframe loading=\"lazy\" title=\"Inauguraci\u00f3n del centro de reciclaje y transformaci\u00f3n de material recuperado.\" width=\"640\" height=\"360\" src=\"https:\/\/www.youtube.com\/embed\/9j5dUSFhuRE?feature=oembed\" frameborder=\"0\" allow=\"accelerometer; autoplay; clipboard-write; encrypted-media; gyroscope; picture-in-picture; web-share\" referrerpolicy=\"strict-origin-when-cross-origin\" allowfullscreen><\/iframe>\n<\/div><\/figure>\n\n\n\n<p>La alianza estrat\u00e9gica entre la Gobernaci\u00f3n del Valle del Cauca, la Corporaci\u00f3n Aut\u00f3noma Regional del Valle del Cauca y el Distrito de Buenaventura ha cristalizado en la creaci\u00f3n de un espacio crucial para la econom\u00eda circular. La gobernadora enfatiz\u00f3 la importancia de la iniciativa al afirmar: \u00abCon estas entregas de maquinaria, el trabajo de la comunidad y el evidente compromiso, le da un valor agregado para que estas playas se mantengan en las condiciones adecuadas y se aprovechen.\u00bb<\/p>\n\n\n\n<figure class=\"wp-block-image size-large\"><img loading=\"lazy\" decoding=\"async\" width=\"1024\" height=\"768\" src=\"https:\/\/cnctulua.tv\/wp-content\/uploads\/2024\/03\/WhatsApp-Image-2024-03-10-at-10.09.19-AM-1024x768.webp\" alt=\"\" class=\"wp-image-15948\" srcset=\"https:\/\/cnctulua.tv\/wp-content\/uploads\/2024\/03\/WhatsApp-Image-2024-03-10-at-10.09.19-AM-1024x768.webp 1024w, https:\/\/cnctulua.tv\/wp-content\/uploads\/2024\/03\/WhatsApp-Image-2024-03-10-at-10.09.19-AM-300x225.webp 300w, https:\/\/cnctulua.tv\/wp-content\/uploads\/2024\/03\/WhatsApp-Image-2024-03-10-at-10.09.19-AM-768x576.webp 768w, https:\/\/cnctulua.tv\/wp-content\/uploads\/2024\/03\/WhatsApp-Image-2024-03-10-at-10.09.19-AM-1536x1152.webp 1536w, https:\/\/cnctulua.tv\/wp-content\/uploads\/2024\/03\/WhatsApp-Image-2024-03-10-at-10.09.19-AM-jpeg.webp 1600w\" sizes=\"auto, (max-width: 1024px) 100vw, 1024px\" \/><\/figure>\n\n\n\n<p>La colaboraci\u00f3n entre entidades, como la entrega de maquinaria por parte de la CVC y la creaci\u00f3n de instalaciones el\u00e9ctricas, resalta el esfuerzo conjunto para hacer realidad este proyecto. \u00abLa CVC entreg\u00f3 unas m\u00e1quinas, nosotros vamos a hacer las bodegas, las instalaciones el\u00e9ctricas para que se convierta en una realidad\u00bb, asegur\u00f3 la gobernadora.<\/p>\n\n\n\n<p>Oswaldo Arcos Benavides, secretario de Ambiente y Desarrollo Sostenible, record\u00f3 el compromiso de la regi\u00f3n con la mitigaci\u00f3n de la contaminaci\u00f3n y la promoci\u00f3n de la econom\u00eda circular: \u00abCon la implementaci\u00f3n de la ordenanza de Cambio Clim\u00e1tico, se busca que la mitigaci\u00f3n en todas las \u00e1reas de contaminaci\u00f3n tambi\u00e9n replique la econom\u00eda circular.\u00bb<\/p>\n\n\n\n<figure class=\"wp-block-image size-large\"><img loading=\"lazy\" decoding=\"async\" width=\"1024\" height=\"768\" src=\"https:\/\/cnctulua.tv\/wp-content\/uploads\/2024\/03\/WhatsApp-Image-2024-03-10-at-10.09.29-AM-1024x768.webp\" alt=\"\" class=\"wp-image-15949\" srcset=\"https:\/\/cnctulua.tv\/wp-content\/uploads\/2024\/03\/WhatsApp-Image-2024-03-10-at-10.09.29-AM-1024x768.webp 1024w, https:\/\/cnctulua.tv\/wp-content\/uploads\/2024\/03\/WhatsApp-Image-2024-03-10-at-10.09.29-AM-300x225.webp 300w, https:\/\/cnctulua.tv\/wp-content\/uploads\/2024\/03\/WhatsApp-Image-2024-03-10-at-10.09.29-AM-768x576.webp 768w, https:\/\/cnctulua.tv\/wp-content\/uploads\/2024\/03\/WhatsApp-Image-2024-03-10-at-10.09.29-AM-1536x1152.webp 1536w, https:\/\/cnctulua.tv\/wp-content\/uploads\/2024\/03\/WhatsApp-Image-2024-03-10-at-10.09.29-AM-jpeg.webp 1600w\" sizes=\"auto, (max-width: 1024px) 100vw, 1024px\" \/><\/figure>\n\n\n\n<p>Las m\u00e1quinas destinadas a transformar los residuos s\u00f3lidos, especialmente pl\u00e1sticos, recibir\u00e1n un uso significativo para mejorar el manejo de estos materiales y garantizar su uso sostenible. Alexander Ruiz, director territorial de la DAR Pac\u00edfico Oeste en Buenaventura, destac\u00f3 la importancia de las m\u00e1quinas al afirmar: \u00abVan a permitir transformar esos pl\u00e1sticos y garantizar un uso sostenible de los elementos.\u00bb<\/p>\n\n\n\n<p>La alcaldesa de Buenaventura, Ligia del Carmen C\u00f3rdoba, aplaudi\u00f3 la verdadera articulaci\u00f3n de las instituciones del Estado, resaltando el compromiso con el medio ambiente y la econom\u00eda circular: \u00abCon el trabajo por el medio ambiente, la econom\u00eda circular, apostamos por un territorio tur\u00edstico que es una de las l\u00edneas econ\u00f3micas de este sector.\u00bb<\/p>\n\n\n\n<figure class=\"wp-block-image size-large\"><img loading=\"lazy\" decoding=\"async\" width=\"1024\" height=\"768\" src=\"https:\/\/cnctulua.tv\/wp-content\/uploads\/2024\/03\/WhatsApp-Image-2024-03-10-at-10.09.31-AM-1024x768.webp\" alt=\"\" class=\"wp-image-15950\" srcset=\"https:\/\/cnctulua.tv\/wp-content\/uploads\/2024\/03\/WhatsApp-Image-2024-03-10-at-10.09.31-AM-1024x768.webp 1024w, https:\/\/cnctulua.tv\/wp-content\/uploads\/2024\/03\/WhatsApp-Image-2024-03-10-at-10.09.31-AM-300x225.webp 300w, https:\/\/cnctulua.tv\/wp-content\/uploads\/2024\/03\/WhatsApp-Image-2024-03-10-at-10.09.31-AM-768x576.webp 768w, https:\/\/cnctulua.tv\/wp-content\/uploads\/2024\/03\/WhatsApp-Image-2024-03-10-at-10.09.31-AM-1536x1152.webp 1536w, https:\/\/cnctulua.tv\/wp-content\/uploads\/2024\/03\/WhatsApp-Image-2024-03-10-at-10.09.31-AM.jpeg 1440w\" sizes=\"auto, (max-width: 1024px) 100vw, 1024px\" \/><\/figure>\n\n\n\n<p>Con este proyecto, La Bocana se erige como un ejemplo de sostenibilidad y desarrollo, encamin\u00e1ndose hacia un futuro m\u00e1s pr\u00f3spero y amigable con el medio ambiente.<\/p>\n\n\n\n<p><\/p>\n","protected":false},"excerpt":{"rendered":"<p>En una emotiva ceremonia, los habitantes de Baz\u00e1n La Bocana fueron testigos del comienzo de una nueva era con la inauguraci\u00f3n del Centro de Reciclaje y Transformaci\u00f3n de Material Recuperado. La gobernadora Dilian Francisca Toro, en una declaraci\u00f3n resonante, expres\u00f3: \u00abEste es el comienzo de la soluci\u00f3n a un problema muy grande que tiene La [&hellip;]<\/p>\n","protected":false},"author":3,"featured_media":15951,"comment_status":"open","ping_status":"open","sticky":false,"template":"","format":"video","meta":{"footnotes":""},"categories":[10],"tags":[],"class_list":["post-15947","post","type-post","status-publish","format-video","has-post-thumbnail","hentry","category-cnc-noticias-tulua","post_format-post-format-video"],"_links":{"self":[{"href":"https:\/\/cnctulua.tv\/index.php?rest_route=\/wp\/v2\/posts\/15947","targetHints":{"allow":["GET"]}}],"collection":[{"href":"https:\/\/cnctulua.tv\/index.php?rest_route=\/wp\/v2\/posts"}],"about":[{"href":"https:\/\/cnctulua.tv\/index.php?rest_route=\/wp\/v2\/types\/post"}],"author":[{"embeddable":true,"href":"https:\/\/cnctulua.tv\/index.php?rest_route=\/wp\/v2\/users\/3"}],"replies":[{"embeddable":true,"href":"https:\/\/cnctulua.tv\/index.php?rest_route=%2Fwp%2Fv2%2Fcomments&post=15947"}],"version-history":[{"count":1,"href":"https:\/\/cnctulua.tv\/index.php?rest_route=\/wp\/v2\/posts\/15947\/revisions"}],"predecessor-version":[{"id":15952,"href":"https:\/\/cnctulua.tv\/index.php?rest_route=\/wp\/v2\/posts\/15947\/revisions\/15952"}],"wp:featuredmedia":[{"embeddable":true,"href":"https:\/\/cnctulua.tv\/index.php?rest_route=\/wp\/v2\/media\/15951"}],"wp:attachment":[{"href":"https:\/\/cnctulua.tv\/index.php?rest_route=%2Fwp%2Fv2%2Fmedia&parent=15947"}],"wp:term":[{"taxonomy":"category","embeddable":true,"href":"https:\/\/cnctulua.tv\/index.php?rest_route=%2Fwp%2Fv2%2Fcategories&post=15947"},{"taxonomy":"post_tag","embeddable":true,"href":"https:\/\/cnctulua.tv\/index.php?rest_route=%2Fwp%2Fv2%2Ftags&post=15947"}],"curies":[{"name":"wp","href":"https:\/\/api.w.org\/{rel}","templated":true}]}}