{"id":15970,"date":"2024-03-11T21:00:35","date_gmt":"2024-03-11T21:00:35","guid":{"rendered":"https:\/\/cnctulua.tv\/?p=15970"},"modified":"2024-03-11T21:00:40","modified_gmt":"2024-03-11T21:00:40","slug":"el-barrio-san-francisco-de-asis-de-buenaventura-mediante-el-comite-unidos-por-san-francisco-logro-apoyo-gubernamental","status":"publish","type":"post","link":"https:\/\/cnctulua.tv\/?p=15970","title":{"rendered":"EL BARRIO SAN FRANCISCO DE AS\u00cdS DE BUENAVENTURA MEDIANTE EL COMIT\u00c9 \u201cUNIDOS POR SAN FRANCISCO\u201d LOGR\u00d3 APOYO GUBERNAMENTAL."},"content":{"rendered":"\n<p>El comandante de Polic\u00eda de Buenaventura, el Coronel Oleskyenio Enrique Fl\u00f3rez detall\u00f3 hechos del dise\u00f1o de un proyecto el 3 de enero del 2024 en el consejo de seguridad.<\/p>\n\n\n\n<p>En este proyecto se manifest\u00f3 que la &nbsp;seguridad del territorio se construye no solamente con la presencia de la Polic\u00eda Nacional sino tambi\u00e9n con la integraci\u00f3n de las autoridades, de las instituciones y de la comunidad.<\/p>\n\n\n\n<p><\/p>\n\n\n\n<figure class=\"wp-block-embed is-type-video is-provider-youtube wp-block-embed-youtube wp-embed-aspect-16-9 wp-has-aspect-ratio\"><div class=\"wp-block-embed__wrapper\">\n<iframe loading=\"lazy\" title=\"\u201cUnidos por San Francisco\u201d comit\u00e9 alcanza logros en Buenaventura.\" width=\"640\" height=\"360\" src=\"https:\/\/www.youtube.com\/embed\/x23k5ThTItA?feature=oembed\" frameborder=\"0\" allow=\"accelerometer; autoplay; clipboard-write; encrypted-media; gyroscope; picture-in-picture; web-share\" referrerpolicy=\"strict-origin-when-cross-origin\" allowfullscreen><\/iframe>\n<\/div><\/figure>\n\n\n\n<p>Por ello, se cre\u00f3 el comit\u00e9 \u201cUnidos por San Francisco\u201d que 6 meses despu\u00e9s ha logrado tener a San Francisco junto a la junta de acci\u00f3n comunal del barrio sin muertes violentas, con 5 casa reconstruidas, una sede para la Polic\u00eda Nacional que se construir\u00e1 para hacer presencia ciudadana.<\/p>\n\n\n\n<figure class=\"wp-block-image size-large\"><img loading=\"lazy\" decoding=\"async\" width=\"1024\" height=\"768\" src=\"https:\/\/cnctulua.tv\/wp-content\/uploads\/2024\/03\/WhatsApp-Image-2024-03-11-at-8.38.03-AM-3-1024x768.webp\" alt=\"\" class=\"wp-image-15971\" srcset=\"https:\/\/cnctulua.tv\/wp-content\/uploads\/2024\/03\/WhatsApp-Image-2024-03-11-at-8.38.03-AM-3-1024x768.webp 1024w, https:\/\/cnctulua.tv\/wp-content\/uploads\/2024\/03\/WhatsApp-Image-2024-03-11-at-8.38.03-AM-3-300x225.webp 300w, https:\/\/cnctulua.tv\/wp-content\/uploads\/2024\/03\/WhatsApp-Image-2024-03-11-at-8.38.03-AM-3-768x576.webp 768w, https:\/\/cnctulua.tv\/wp-content\/uploads\/2024\/03\/WhatsApp-Image-2024-03-11-at-8.38.03-AM-3-1536x1152.webp 1536w, https:\/\/cnctulua.tv\/wp-content\/uploads\/2024\/03\/WhatsApp-Image-2024-03-11-at-8.38.03-AM-3-jpeg.webp 1600w\" sizes=\"auto, (max-width: 1024px) 100vw, 1024px\" \/><\/figure>\n\n\n\n<p>Adem\u00e1s, la construcci\u00f3n de la cancha, adecuaci\u00f3n del puesto de salud y adecuaci\u00f3n del colegio se realizar\u00e1n con el apoyo de la Gobernadora del Valle del Cauca, Dilian Francisca Toro. La Polic\u00eda Nacional trabaja con institucionalidad y con la comunidad.<\/p>\n\n\n\n<figure class=\"wp-block-image size-large\"><img loading=\"lazy\" decoding=\"async\" width=\"1024\" height=\"768\" src=\"https:\/\/cnctulua.tv\/wp-content\/uploads\/2024\/03\/WhatsApp-Image-2024-03-11-at-8.38.03-AM-2-1024x768.webp\" alt=\"\" class=\"wp-image-15972\" srcset=\"https:\/\/cnctulua.tv\/wp-content\/uploads\/2024\/03\/WhatsApp-Image-2024-03-11-at-8.38.03-AM-2-1024x768.webp 1024w, https:\/\/cnctulua.tv\/wp-content\/uploads\/2024\/03\/WhatsApp-Image-2024-03-11-at-8.38.03-AM-2-300x225.webp 300w, https:\/\/cnctulua.tv\/wp-content\/uploads\/2024\/03\/WhatsApp-Image-2024-03-11-at-8.38.03-AM-2-768x576.webp 768w, https:\/\/cnctulua.tv\/wp-content\/uploads\/2024\/03\/WhatsApp-Image-2024-03-11-at-8.38.03-AM-2-1536x1152.webp 1536w, https:\/\/cnctulua.tv\/wp-content\/uploads\/2024\/03\/WhatsApp-Image-2024-03-11-at-8.38.03-AM-2-jpeg.webp 1600w\" sizes=\"auto, (max-width: 1024px) 100vw, 1024px\" \/><\/figure>\n","protected":false},"excerpt":{"rendered":"<p>El comandante de Polic\u00eda de Buenaventura, el Coronel Oleskyenio Enrique Fl\u00f3rez detall\u00f3 hechos del dise\u00f1o de un proyecto el 3 de enero del 2024 en el consejo de seguridad. En este proyecto se manifest\u00f3 que la &nbsp;seguridad del territorio se construye no solamente con la presencia de la Polic\u00eda Nacional sino tambi\u00e9n con la integraci\u00f3n [&hellip;]<\/p>\n","protected":false},"author":3,"featured_media":15973,"comment_status":"open","ping_status":"open","sticky":false,"template":"","format":"video","meta":{"footnotes":""},"categories":[10],"tags":[],"class_list":["post-15970","post","type-post","status-publish","format-video","has-post-thumbnail","hentry","category-cnc-noticias-tulua","post_format-post-format-video"],"_links":{"self":[{"href":"https:\/\/cnctulua.tv\/index.php?rest_route=\/wp\/v2\/posts\/15970","targetHints":{"allow":["GET"]}}],"collection":[{"href":"https:\/\/cnctulua.tv\/index.php?rest_route=\/wp\/v2\/posts"}],"about":[{"href":"https:\/\/cnctulua.tv\/index.php?rest_route=\/wp\/v2\/types\/post"}],"author":[{"embeddable":true,"href":"https:\/\/cnctulua.tv\/index.php?rest_route=\/wp\/v2\/users\/3"}],"replies":[{"embeddable":true,"href":"https:\/\/cnctulua.tv\/index.php?rest_route=%2Fwp%2Fv2%2Fcomments&post=15970"}],"version-history":[{"count":1,"href":"https:\/\/cnctulua.tv\/index.php?rest_route=\/wp\/v2\/posts\/15970\/revisions"}],"predecessor-version":[{"id":15974,"href":"https:\/\/cnctulua.tv\/index.php?rest_route=\/wp\/v2\/posts\/15970\/revisions\/15974"}],"wp:featuredmedia":[{"embeddable":true,"href":"https:\/\/cnctulua.tv\/index.php?rest_route=\/wp\/v2\/media\/15973"}],"wp:attachment":[{"href":"https:\/\/cnctulua.tv\/index.php?rest_route=%2Fwp%2Fv2%2Fmedia&parent=15970"}],"wp:term":[{"taxonomy":"category","embeddable":true,"href":"https:\/\/cnctulua.tv\/index.php?rest_route=%2Fwp%2Fv2%2Fcategories&post=15970"},{"taxonomy":"post_tag","embeddable":true,"href":"https:\/\/cnctulua.tv\/index.php?rest_route=%2Fwp%2Fv2%2Ftags&post=15970"}],"curies":[{"name":"wp","href":"https:\/\/api.w.org\/{rel}","templated":true}]}}