{"id":15975,"date":"2024-03-11T21:27:38","date_gmt":"2024-03-11T21:27:38","guid":{"rendered":"https:\/\/cnctulua.tv\/?p=15975"},"modified":"2024-03-11T21:27:42","modified_gmt":"2024-03-11T21:27:42","slug":"soldados-del-ejercito-nacional-desmontan-pancartas-alusivas-a-disidencias-de-las-farc-en-zona-rural-de-jamundi","status":"publish","type":"post","link":"https:\/\/cnctulua.tv\/?p=15975","title":{"rendered":"SOLDADOS DEL EJ\u00c9RCITO NACIONAL DESMONTAN PANCARTAS ALUSIVAS A DISIDENCIAS DE LAS FARC EN ZONA RURAL DE JAMUND\u00cd."},"content":{"rendered":"\n<p>En la zona rural de Jamund\u00ed, espec\u00edficamente en los corregimientos de Quinamay\u00f3 y Villa Paz, los miembros de la Tercera Brigada del Ej\u00e9rcito lograron desmontar vallas alusivas a grupos armados ilegales, como el Frente Jaime Mart\u00ednez de las disidencias de las FARC, que generaban zozobra en el corregimiento La Ampudia.<\/p>\n\n\n\n<figure class=\"wp-block-embed is-type-video is-provider-youtube wp-block-embed-youtube wp-embed-aspect-16-9 wp-has-aspect-ratio\"><div class=\"wp-block-embed__wrapper\">\n<iframe loading=\"lazy\" title=\"Jamund\u00ed cuenta con despliegue de 240 soldados del ej\u00e9rcito nacional para promover la seguridad.\" width=\"640\" height=\"360\" src=\"https:\/\/www.youtube.com\/embed\/UsaDioi0Tik?feature=oembed\" frameborder=\"0\" allow=\"accelerometer; autoplay; clipboard-write; encrypted-media; gyroscope; picture-in-picture; web-share\" referrerpolicy=\"strict-origin-when-cross-origin\" allowfullscreen><\/iframe>\n<\/div><\/figure>\n\n\n\n<p>Durante un consejo extraordinario de seguridad llevado a cabo el pasado 26 de febrero en Jamund\u00ed, Valle, la secretaria encargada del Valle del Cauca, Mar\u00eda Cristina Lesmes, advirti\u00f3 sobre la necesidad de que la institucionalidad recupere el territorio mediante acciones contundentes por parte del Ej\u00e9rcito y la Polic\u00eda Nacional.<\/p>\n\n\n\n<figure class=\"wp-block-image size-large\"><img loading=\"lazy\" decoding=\"async\" width=\"1024\" height=\"771\" src=\"https:\/\/cnctulua.tv\/wp-content\/uploads\/2024\/03\/WhatsApp-Image-2024-03-11-at-8.36.37-AM-1-1024x771.webp\" alt=\"\" class=\"wp-image-15976\" srcset=\"https:\/\/cnctulua.tv\/wp-content\/uploads\/2024\/03\/WhatsApp-Image-2024-03-11-at-8.36.37-AM-1-1024x771.webp 1024w, https:\/\/cnctulua.tv\/wp-content\/uploads\/2024\/03\/WhatsApp-Image-2024-03-11-at-8.36.37-AM-1-300x226.webp 300w, https:\/\/cnctulua.tv\/wp-content\/uploads\/2024\/03\/WhatsApp-Image-2024-03-11-at-8.36.37-AM-1-768x578.webp 768w, https:\/\/cnctulua.tv\/wp-content\/uploads\/2024\/03\/WhatsApp-Image-2024-03-11-at-8.36.37-AM-1-1536x1156.webp 1536w, https:\/\/cnctulua.tv\/wp-content\/uploads\/2024\/03\/WhatsApp-Image-2024-03-11-at-8.36.37-AM-1.jpeg 1435w\" sizes=\"auto, (max-width: 1024px) 100vw, 1024px\" \/><\/figure>\n\n\n\n<p>Por otra parte, la secretaria de Seguridad del Valle, Ana Mar\u00eda Sanclemente, anunci\u00f3 la presencia de nueve pelotones del Ej\u00e9rcito y el despliegue ya realizado de 240 soldados del Ej\u00e9rcito Nacional en el sector, con el objetivo de ejercer control territorial en la zona rural de la regi\u00f3n vallecaucana.<\/p>\n\n\n\n<p>Ante este panorama, la alcaldesa de Jamund\u00ed, Paola Castillo, asegur\u00f3 que \u00abel plan de acci\u00f3n para garantizar la seguridad en el municipio tambi\u00e9n contempla iniciativas interinstitucionales\u00bb.<\/p>\n\n\n\n<figure class=\"wp-block-image size-full\"><img loading=\"lazy\" decoding=\"async\" width=\"846\" height=\"475\" src=\"https:\/\/cnctulua.tv\/wp-content\/uploads\/2024\/03\/WhatsApp-Image-2024-03-11-at-8.36.36-AM-1-jpeg.webp\" alt=\"\" class=\"wp-image-15977\" srcset=\"https:\/\/cnctulua.tv\/wp-content\/uploads\/2024\/03\/WhatsApp-Image-2024-03-11-at-8.36.36-AM-1-jpeg.webp 846w, https:\/\/cnctulua.tv\/wp-content\/uploads\/2024\/03\/WhatsApp-Image-2024-03-11-at-8.36.36-AM-1-300x168.webp 300w, https:\/\/cnctulua.tv\/wp-content\/uploads\/2024\/03\/WhatsApp-Image-2024-03-11-at-8.36.36-AM-1-768x431.webp 768w\" sizes=\"auto, (max-width: 846px) 100vw, 846px\" \/><\/figure>\n","protected":false},"excerpt":{"rendered":"<p>En la zona rural de Jamund\u00ed, espec\u00edficamente en los corregimientos de Quinamay\u00f3 y Villa Paz, los miembros de la Tercera Brigada del Ej\u00e9rcito lograron desmontar vallas alusivas a grupos armados ilegales, como el Frente Jaime Mart\u00ednez de las disidencias de las FARC, que generaban zozobra en el corregimiento La Ampudia. Durante un consejo extraordinario de [&hellip;]<\/p>\n","protected":false},"author":3,"featured_media":15978,"comment_status":"open","ping_status":"open","sticky":false,"template":"","format":"video","meta":{"footnotes":""},"categories":[10],"tags":[],"class_list":["post-15975","post","type-post","status-publish","format-video","has-post-thumbnail","hentry","category-cnc-noticias-tulua","post_format-post-format-video"],"_links":{"self":[{"href":"https:\/\/cnctulua.tv\/index.php?rest_route=\/wp\/v2\/posts\/15975","targetHints":{"allow":["GET"]}}],"collection":[{"href":"https:\/\/cnctulua.tv\/index.php?rest_route=\/wp\/v2\/posts"}],"about":[{"href":"https:\/\/cnctulua.tv\/index.php?rest_route=\/wp\/v2\/types\/post"}],"author":[{"embeddable":true,"href":"https:\/\/cnctulua.tv\/index.php?rest_route=\/wp\/v2\/users\/3"}],"replies":[{"embeddable":true,"href":"https:\/\/cnctulua.tv\/index.php?rest_route=%2Fwp%2Fv2%2Fcomments&post=15975"}],"version-history":[{"count":1,"href":"https:\/\/cnctulua.tv\/index.php?rest_route=\/wp\/v2\/posts\/15975\/revisions"}],"predecessor-version":[{"id":15979,"href":"https:\/\/cnctulua.tv\/index.php?rest_route=\/wp\/v2\/posts\/15975\/revisions\/15979"}],"wp:featuredmedia":[{"embeddable":true,"href":"https:\/\/cnctulua.tv\/index.php?rest_route=\/wp\/v2\/media\/15978"}],"wp:attachment":[{"href":"https:\/\/cnctulua.tv\/index.php?rest_route=%2Fwp%2Fv2%2Fmedia&parent=15975"}],"wp:term":[{"taxonomy":"category","embeddable":true,"href":"https:\/\/cnctulua.tv\/index.php?rest_route=%2Fwp%2Fv2%2Fcategories&post=15975"},{"taxonomy":"post_tag","embeddable":true,"href":"https:\/\/cnctulua.tv\/index.php?rest_route=%2Fwp%2Fv2%2Ftags&post=15975"}],"curies":[{"name":"wp","href":"https:\/\/api.w.org\/{rel}","templated":true}]}}