{"id":15981,"date":"2024-03-12T16:05:08","date_gmt":"2024-03-12T16:05:08","guid":{"rendered":"https:\/\/cnctulua.tv\/?p=15981"},"modified":"2024-03-12T16:05:14","modified_gmt":"2024-03-12T16:05:14","slug":"seis-miembros-de-la-banda-los-manaos-enviados-a-prision-por-robos-violentos-en-cali","status":"publish","type":"post","link":"https:\/\/cnctulua.tv\/?p=15981","title":{"rendered":"SEIS MIEMBROS DE LA BANDA &#8216;LOS MANAOS&#8217; ENVIADOS A PRISI\u00d3N POR ROBOS VIOLENTOS EN CALI."},"content":{"rendered":"\n<p>La Fiscal\u00eda General de la Naci\u00f3n logr\u00f3 que un juez de control de garant\u00edas enviara a la c\u00e1rcel a seis presuntos integrantes del grupo delincuencial conocido como &#8216;Los Manaos&#8217;. La banda, compuesta por extranjeros y especializada en el hurto violento mediante la modalidad de fleteo, operaba en las ciudades de Cali, Palmira (Valle del Cauca), e Ibagu\u00e9 (Tolima).<\/p>\n\n\n\n<p>Los individuos afectados por la decisi\u00f3n judicial son Luis Miguel Chirino Morillo (&#8216;Lucho&#8217; o &#8216;Maracucho&#8217;), Didier Herney Mu\u00f1oz Giraldo (&#8216;Didier&#8217; o &#8216;Taxista&#8217;), Rub\u00e9n Dar\u00edo Fonseca Monsalve (&#8216;Viejo&#8217;), Gustavo Humberto Castellano, Josward Alex\u00e1nder Blanco Fugador, y Gelinyer Eduardo Espinoza Ch\u00e1vez (&#8216;Christhoper RM&#8217;). Los dos \u00faltimos fueron notificados en los centros carcelarios donde ya se encontraban detenidos por otros delitos.<\/p>\n\n\n\n<figure class=\"wp-block-embed is-type-video is-provider-youtube wp-block-embed-youtube wp-embed-aspect-16-9 wp-has-aspect-ratio\"><div class=\"wp-block-embed__wrapper\">\n<iframe loading=\"lazy\" title=\"Cae banda dedicada al hurto violento en la capital vallecaucana.\" width=\"640\" height=\"360\" src=\"https:\/\/www.youtube.com\/embed\/qdR6_B0eEhY?feature=oembed\" frameborder=\"0\" allow=\"accelerometer; autoplay; clipboard-write; encrypted-media; gyroscope; picture-in-picture; web-share\" referrerpolicy=\"strict-origin-when-cross-origin\" allowfullscreen><\/iframe>\n<\/div><\/figure>\n\n\n\n<p>De acuerdo con la investigaci\u00f3n, &#8216;Los Manaos&#8217; participaron en al menos tres eventos delictivos entre septiembre de 2023 y enero de 2024, donde seleccionaban a las v\u00edctimas a la salida de entidades bancarias bas\u00e1ndose en su vestuario. Posteriormente, las interceptaban, las intimidaban con armas de fuego y las despojaban del dinero reci\u00e9n retirado, llegando incluso a dejar a una v\u00edctima de nacionalidad argentina herida en uno de los casos.<\/p>\n\n\n\n\n\n<p>El operativo que llev\u00f3 a la captura de estos presuntos delincuentes se ejecut\u00f3 el pasado 4 de marzo durante diligencias de registro y allanamiento, ordenadas por un fiscal de la Seccional Cali y llevadas a cabo por personal de la SIJIN de la Polic\u00eda Nacional Mecal. Cuatro \u00f3rdenes de captura fueron efectivas, y se notific\u00f3 a otras dos personas que ya estaban detenidas en centros carcelarios por su participaci\u00f3n en otros hechos delictivos.<\/p>\n","protected":false},"excerpt":{"rendered":"<p>La Fiscal\u00eda General de la Naci\u00f3n logr\u00f3 que un juez de control de garant\u00edas enviara a la c\u00e1rcel a seis presuntos integrantes del grupo delincuencial conocido como &#8216;Los Manaos&#8217;. La banda, compuesta por extranjeros y especializada en el hurto violento mediante la modalidad de fleteo, operaba en las ciudades de Cali, Palmira (Valle del Cauca), [&hellip;]<\/p>\n","protected":false},"author":3,"featured_media":15982,"comment_status":"open","ping_status":"open","sticky":false,"template":"","format":"video","meta":{"footnotes":""},"categories":[10],"tags":[],"class_list":["post-15981","post","type-post","status-publish","format-video","has-post-thumbnail","hentry","category-cnc-noticias-tulua","post_format-post-format-video"],"_links":{"self":[{"href":"https:\/\/cnctulua.tv\/index.php?rest_route=\/wp\/v2\/posts\/15981","targetHints":{"allow":["GET"]}}],"collection":[{"href":"https:\/\/cnctulua.tv\/index.php?rest_route=\/wp\/v2\/posts"}],"about":[{"href":"https:\/\/cnctulua.tv\/index.php?rest_route=\/wp\/v2\/types\/post"}],"author":[{"embeddable":true,"href":"https:\/\/cnctulua.tv\/index.php?rest_route=\/wp\/v2\/users\/3"}],"replies":[{"embeddable":true,"href":"https:\/\/cnctulua.tv\/index.php?rest_route=%2Fwp%2Fv2%2Fcomments&post=15981"}],"version-history":[{"count":2,"href":"https:\/\/cnctulua.tv\/index.php?rest_route=\/wp\/v2\/posts\/15981\/revisions"}],"predecessor-version":[{"id":15985,"href":"https:\/\/cnctulua.tv\/index.php?rest_route=\/wp\/v2\/posts\/15981\/revisions\/15985"}],"wp:featuredmedia":[{"embeddable":true,"href":"https:\/\/cnctulua.tv\/index.php?rest_route=\/wp\/v2\/media\/15982"}],"wp:attachment":[{"href":"https:\/\/cnctulua.tv\/index.php?rest_route=%2Fwp%2Fv2%2Fmedia&parent=15981"}],"wp:term":[{"taxonomy":"category","embeddable":true,"href":"https:\/\/cnctulua.tv\/index.php?rest_route=%2Fwp%2Fv2%2Fcategories&post=15981"},{"taxonomy":"post_tag","embeddable":true,"href":"https:\/\/cnctulua.tv\/index.php?rest_route=%2Fwp%2Fv2%2Ftags&post=15981"}],"curies":[{"name":"wp","href":"https:\/\/api.w.org\/{rel}","templated":true}]}}