{"id":15996,"date":"2024-03-12T17:36:27","date_gmt":"2024-03-12T17:36:27","guid":{"rendered":"https:\/\/cnctulua.tv\/?p=15996"},"modified":"2024-03-12T17:36:31","modified_gmt":"2024-03-12T17:36:31","slug":"conmemoracion-del-dia-de-la-mujer-en-el-hospital-departamental-tomas-uribe-uribe-de-tulua","status":"publish","type":"post","link":"https:\/\/cnctulua.tv\/?p=15996","title":{"rendered":"CONMEMORACI\u00d3N DEL D\u00cdA DE LA MUJER EN EL HOSPITAL DEPARTAMENTAL TOM\u00c1S URIBE URIBE DE TULU\u00c1."},"content":{"rendered":"\n<p>El gerente del Hospital Departamental Tom\u00e1s Uribe Uribe de Tulu\u00e1, Felipe Jos\u00e9 Tinoco, junto con su equipo de Talento Humano, llev\u00f3 a cabo la conmemoraci\u00f3n del D\u00eda de la Mujer el lunes 11 de marzo en las instalaciones del parqueadero del hospital.<\/p>\n\n\n\n<figure class=\"wp-block-embed is-type-video is-provider-youtube wp-block-embed-youtube wp-embed-aspect-16-9 wp-has-aspect-ratio\"><div class=\"wp-block-embed__wrapper\">\n<iframe loading=\"lazy\" title=\"Conmemoraci\u00f3n del d\u00eda de la mujer en el Hospital Departamental Tom\u00e1s Uribe Uribe de Tulu\u00e1.\" width=\"640\" height=\"360\" src=\"https:\/\/www.youtube.com\/embed\/oFVUHenbyMM?feature=oembed\" frameborder=\"0\" allow=\"accelerometer; autoplay; clipboard-write; encrypted-media; gyroscope; picture-in-picture; web-share\" referrerpolicy=\"strict-origin-when-cross-origin\" allowfullscreen><\/iframe>\n<\/div><\/figure>\n\n\n\n<p>Durante la conmemoraci\u00f3n, se tuvo un gesto especial para las m\u00e1s de 700 mujeres que desempe\u00f1an sus funciones con entrega y dedicaci\u00f3n en la instituci\u00f3n. Cada una de ellas recibi\u00f3 un regalo que inclu\u00eda una planta suculenta, unas galletas, una serenata y una tarde de aer\u00f3bicos para todo el personal interesado en participar.<\/p>\n\n\n\n<figure class=\"wp-block-image size-large\"><img loading=\"lazy\" decoding=\"async\" width=\"1024\" height=\"576\" src=\"https:\/\/cnctulua.tv\/wp-content\/uploads\/2024\/03\/WhatsApp-Image-2024-03-12-at-8.28.05-AM-1024x576.webp\" alt=\"\" class=\"wp-image-15997\" srcset=\"https:\/\/cnctulua.tv\/wp-content\/uploads\/2024\/03\/WhatsApp-Image-2024-03-12-at-8.28.05-AM-1024x576.webp 1024w, https:\/\/cnctulua.tv\/wp-content\/uploads\/2024\/03\/WhatsApp-Image-2024-03-12-at-8.28.05-AM-300x169.webp 300w, https:\/\/cnctulua.tv\/wp-content\/uploads\/2024\/03\/WhatsApp-Image-2024-03-12-at-8.28.05-AM-768x432.webp 768w, https:\/\/cnctulua.tv\/wp-content\/uploads\/2024\/03\/WhatsApp-Image-2024-03-12-at-8.28.05-AM-1536x864.webp 1536w, https:\/\/cnctulua.tv\/wp-content\/uploads\/2024\/03\/WhatsApp-Image-2024-03-12-at-8.28.05-AM-jpeg.webp 1600w\" sizes=\"auto, (max-width: 1024px) 100vw, 1024px\" \/><\/figure>\n\n\n\n<p>El gerente destac\u00f3 la laboriosidad, la dedicaci\u00f3n y la perseverancia de las mujeres en su trabajo. Fue \u00e9l mismo quien entreg\u00f3 los detalles a cada una de las integrantes del personal femenino del hospital, abarcando diversas \u00e1reas.<\/p>\n","protected":false},"excerpt":{"rendered":"<p>El gerente del Hospital Departamental Tom\u00e1s Uribe Uribe de Tulu\u00e1, Felipe Jos\u00e9 Tinoco, junto con su equipo de Talento Humano, llev\u00f3 a cabo la conmemoraci\u00f3n del D\u00eda de la Mujer el lunes 11 de marzo en las instalaciones del parqueadero del hospital. Durante la conmemoraci\u00f3n, se tuvo un gesto especial para las m\u00e1s de 700 [&hellip;]<\/p>\n","protected":false},"author":3,"featured_media":15998,"comment_status":"open","ping_status":"open","sticky":false,"template":"","format":"video","meta":{"footnotes":""},"categories":[10],"tags":[],"class_list":["post-15996","post","type-post","status-publish","format-video","has-post-thumbnail","hentry","category-cnc-noticias-tulua","post_format-post-format-video"],"_links":{"self":[{"href":"https:\/\/cnctulua.tv\/index.php?rest_route=\/wp\/v2\/posts\/15996","targetHints":{"allow":["GET"]}}],"collection":[{"href":"https:\/\/cnctulua.tv\/index.php?rest_route=\/wp\/v2\/posts"}],"about":[{"href":"https:\/\/cnctulua.tv\/index.php?rest_route=\/wp\/v2\/types\/post"}],"author":[{"embeddable":true,"href":"https:\/\/cnctulua.tv\/index.php?rest_route=\/wp\/v2\/users\/3"}],"replies":[{"embeddable":true,"href":"https:\/\/cnctulua.tv\/index.php?rest_route=%2Fwp%2Fv2%2Fcomments&post=15996"}],"version-history":[{"count":1,"href":"https:\/\/cnctulua.tv\/index.php?rest_route=\/wp\/v2\/posts\/15996\/revisions"}],"predecessor-version":[{"id":15999,"href":"https:\/\/cnctulua.tv\/index.php?rest_route=\/wp\/v2\/posts\/15996\/revisions\/15999"}],"wp:featuredmedia":[{"embeddable":true,"href":"https:\/\/cnctulua.tv\/index.php?rest_route=\/wp\/v2\/media\/15998"}],"wp:attachment":[{"href":"https:\/\/cnctulua.tv\/index.php?rest_route=%2Fwp%2Fv2%2Fmedia&parent=15996"}],"wp:term":[{"taxonomy":"category","embeddable":true,"href":"https:\/\/cnctulua.tv\/index.php?rest_route=%2Fwp%2Fv2%2Fcategories&post=15996"},{"taxonomy":"post_tag","embeddable":true,"href":"https:\/\/cnctulua.tv\/index.php?rest_route=%2Fwp%2Fv2%2Ftags&post=15996"}],"curies":[{"name":"wp","href":"https:\/\/api.w.org\/{rel}","templated":true}]}}