{"id":16000,"date":"2024-03-12T17:52:04","date_gmt":"2024-03-12T17:52:04","guid":{"rendered":"https:\/\/cnctulua.tv\/?p=16000"},"modified":"2024-03-12T17:52:07","modified_gmt":"2024-03-12T17:52:07","slug":"homenaje-a-empleadas-en-el-hospital-departamental-tomas-uribe-uribe-por-el-dia-de-la-mujer","status":"publish","type":"post","link":"https:\/\/cnctulua.tv\/?p=16000","title":{"rendered":"HOMENAJE A EMPLEADAS EN EL HOSPITAL DEPARTAMENTAL TOM\u00c1S URIBE URIBE POR EL D\u00cdA DE LA MUJER."},"content":{"rendered":"\n<p>En la conmemoraci\u00f3n del d\u00eda de la mujer del Hospital Departamental Tom\u00e1s Uribe Uribe realizada bajo la direcci\u00f3n de Talento Humano y el gerente Felipe Jos\u00e9 Tinoco, se conmemor\u00f3 con las mujeres de todas las \u00e1reas del Hospital en donde se sintieron muy agasajadas por el compromiso que la instituci\u00f3n tiene para con ellas.<\/p>\n\n\n\n<figure class=\"wp-block-embed is-type-video is-provider-youtube wp-block-embed-youtube wp-embed-aspect-16-9 wp-has-aspect-ratio\"><div class=\"wp-block-embed__wrapper\">\n<iframe loading=\"lazy\" title=\"Homenaje a empleadas en el Hospital Departamental Tom\u00e1s Uribe Uribe  por el d\u00eda De La Mujer.\" width=\"640\" height=\"360\" src=\"https:\/\/www.youtube.com\/embed\/c59wLus595A?feature=oembed\" frameborder=\"0\" allow=\"accelerometer; autoplay; clipboard-write; encrypted-media; gyroscope; picture-in-picture; web-share\" referrerpolicy=\"strict-origin-when-cross-origin\" allowfullscreen><\/iframe>\n<\/div><\/figure>\n\n\n\n<p>La coordinadora de consulta externa fue una de las mujeres que pronunci\u00f3 su agradecimiento para el gerente y el hospital y expres\u00f3 que \u201ces un gesto muy lindo que quedar\u00e1 en nuestros corazones\u201d.<\/p>\n\n\n\n<figure class=\"wp-block-image size-large\"><img loading=\"lazy\" decoding=\"async\" width=\"1024\" height=\"611\" src=\"https:\/\/cnctulua.tv\/wp-content\/uploads\/2024\/03\/WhatsApp-Image-2024-03-12-at-12.49.29-PM-2-1024x611.webp\" alt=\"\" class=\"wp-image-16001\" srcset=\"https:\/\/cnctulua.tv\/wp-content\/uploads\/2024\/03\/WhatsApp-Image-2024-03-12-at-12.49.29-PM-2-1024x611.webp 1024w, https:\/\/cnctulua.tv\/wp-content\/uploads\/2024\/03\/WhatsApp-Image-2024-03-12-at-12.49.29-PM-2-300x179.webp 300w, https:\/\/cnctulua.tv\/wp-content\/uploads\/2024\/03\/WhatsApp-Image-2024-03-12-at-12.49.29-PM-2-768x458.webp 768w, https:\/\/cnctulua.tv\/wp-content\/uploads\/2024\/03\/WhatsApp-Image-2024-03-12-at-12.49.29-PM-2-1536x916.webp 1536w, https:\/\/cnctulua.tv\/wp-content\/uploads\/2024\/03\/WhatsApp-Image-2024-03-12-at-12.49.29-PM-2-jpeg.webp 1549w\" sizes=\"auto, (max-width: 1024px) 100vw, 1024px\" \/><\/figure>\n\n\n\n<p>Por otra parte, la jefe de talento humano del Hospital narr\u00f3 c\u00f3mo fue posible la planeaci\u00f3n y realizaci\u00f3n de este evento conmemorativo en agradecimiento por las labores de cada mujer en sus diferentes cargos y \u00e1reas.<\/p>\n\n\n\n<figure class=\"wp-block-image size-large\"><img loading=\"lazy\" decoding=\"async\" width=\"1024\" height=\"576\" src=\"https:\/\/cnctulua.tv\/wp-content\/uploads\/2024\/03\/WhatsApp-Image-2024-03-12-at-12.34.47-PM-2-1024x576.webp\" alt=\"\" class=\"wp-image-16003\" srcset=\"https:\/\/cnctulua.tv\/wp-content\/uploads\/2024\/03\/WhatsApp-Image-2024-03-12-at-12.34.47-PM-2-1024x576.webp 1024w, https:\/\/cnctulua.tv\/wp-content\/uploads\/2024\/03\/WhatsApp-Image-2024-03-12-at-12.34.47-PM-2-300x169.webp 300w, https:\/\/cnctulua.tv\/wp-content\/uploads\/2024\/03\/WhatsApp-Image-2024-03-12-at-12.34.47-PM-2-768x432.webp 768w, https:\/\/cnctulua.tv\/wp-content\/uploads\/2024\/03\/WhatsApp-Image-2024-03-12-at-12.34.47-PM-2-1536x864.webp 1536w, https:\/\/cnctulua.tv\/wp-content\/uploads\/2024\/03\/WhatsApp-Image-2024-03-12-at-12.34.47-PM-2-jpeg.webp 1600w\" sizes=\"auto, (max-width: 1024px) 100vw, 1024px\" \/><\/figure>\n\n\n\n<p>Sumado a lo anterior, Sugey Pati\u00f1o, coordinadora de comunicaci\u00f3n e imagen del Hospital Departamental Tom\u00e1s Uribe Uribe destac\u00f3 el amor y el compromiso que desde la gerencia del hospital se resalta en honor a las mujeres de todas las extensiones de la instituci\u00f3n y agreg\u00f3 el orgullo de la laboriosidad del personal femenino para el impulso y la evoluci\u00f3n no s\u00f3lo del Tom\u00e1s Uribe sino tambi\u00e9n de cualquier organizaci\u00f3n.<\/p>\n","protected":false},"excerpt":{"rendered":"<p>En la conmemoraci\u00f3n del d\u00eda de la mujer del Hospital Departamental Tom\u00e1s Uribe Uribe realizada bajo la direcci\u00f3n de Talento Humano y el gerente Felipe Jos\u00e9 Tinoco, se conmemor\u00f3 con las mujeres de todas las \u00e1reas del Hospital en donde se sintieron muy agasajadas por el compromiso que la instituci\u00f3n tiene para con ellas. La [&hellip;]<\/p>\n","protected":false},"author":3,"featured_media":16004,"comment_status":"open","ping_status":"open","sticky":false,"template":"","format":"video","meta":{"footnotes":""},"categories":[10],"tags":[],"class_list":["post-16000","post","type-post","status-publish","format-video","has-post-thumbnail","hentry","category-cnc-noticias-tulua","post_format-post-format-video"],"_links":{"self":[{"href":"https:\/\/cnctulua.tv\/index.php?rest_route=\/wp\/v2\/posts\/16000","targetHints":{"allow":["GET"]}}],"collection":[{"href":"https:\/\/cnctulua.tv\/index.php?rest_route=\/wp\/v2\/posts"}],"about":[{"href":"https:\/\/cnctulua.tv\/index.php?rest_route=\/wp\/v2\/types\/post"}],"author":[{"embeddable":true,"href":"https:\/\/cnctulua.tv\/index.php?rest_route=\/wp\/v2\/users\/3"}],"replies":[{"embeddable":true,"href":"https:\/\/cnctulua.tv\/index.php?rest_route=%2Fwp%2Fv2%2Fcomments&post=16000"}],"version-history":[{"count":1,"href":"https:\/\/cnctulua.tv\/index.php?rest_route=\/wp\/v2\/posts\/16000\/revisions"}],"predecessor-version":[{"id":16005,"href":"https:\/\/cnctulua.tv\/index.php?rest_route=\/wp\/v2\/posts\/16000\/revisions\/16005"}],"wp:featuredmedia":[{"embeddable":true,"href":"https:\/\/cnctulua.tv\/index.php?rest_route=\/wp\/v2\/media\/16004"}],"wp:attachment":[{"href":"https:\/\/cnctulua.tv\/index.php?rest_route=%2Fwp%2Fv2%2Fmedia&parent=16000"}],"wp:term":[{"taxonomy":"category","embeddable":true,"href":"https:\/\/cnctulua.tv\/index.php?rest_route=%2Fwp%2Fv2%2Fcategories&post=16000"},{"taxonomy":"post_tag","embeddable":true,"href":"https:\/\/cnctulua.tv\/index.php?rest_route=%2Fwp%2Fv2%2Ftags&post=16000"}],"curies":[{"name":"wp","href":"https:\/\/api.w.org\/{rel}","templated":true}]}}