{"id":16036,"date":"2024-03-12T20:50:35","date_gmt":"2024-03-12T20:50:35","guid":{"rendered":"https:\/\/cnctulua.tv\/?p=16036"},"modified":"2024-03-12T20:50:39","modified_gmt":"2024-03-12T20:50:39","slug":"la-gobernacion-del-valle-impulsa-la-participacion-ciudadana-con-respaldo-de-la-cepal","status":"publish","type":"post","link":"https:\/\/cnctulua.tv\/?p=16036","title":{"rendered":"LA GOBERNACI\u00d3N DEL VALLE IMPULSA LA PARTICIPACI\u00d3N CIUDADANA CON RESPALDO DE LA CEPAL."},"content":{"rendered":"\n<p>En un significativo paso hacia la modernizaci\u00f3n y fortalecimiento de la participaci\u00f3n ciudadana, la Gobernaci\u00f3n del Valle del Cauca ha concretado un importante convenio con la Comisi\u00f3n Econ\u00f3mica para Am\u00e9rica Latina y el Caribe (Cepal). La entidad internacional asumir\u00e1 la financiaci\u00f3n para potenciar el componente tecnol\u00f3gico de la Pol\u00edtica P\u00fablica de Participaci\u00f3n Ciudadana del departamento.<\/p>\n\n\n\n<figure class=\"wp-block-embed is-type-video is-provider-youtube wp-block-embed-youtube wp-embed-aspect-16-9 wp-has-aspect-ratio\"><div class=\"wp-block-embed__wrapper\">\n<iframe loading=\"lazy\" title=\"Valle del Cauca y Cepal unen fuerzas para impulsar la participaci\u00f3n ciudadana.\" width=\"640\" height=\"360\" src=\"https:\/\/www.youtube.com\/embed\/_pqAZ25evlk?feature=oembed\" frameborder=\"0\" allow=\"accelerometer; autoplay; clipboard-write; encrypted-media; gyroscope; picture-in-picture; web-share\" referrerpolicy=\"strict-origin-when-cross-origin\" allowfullscreen><\/iframe>\n<\/div><\/figure>\n\n\n\n<p>Seg\u00fan la secretaria General del Valle del Cauca, Liza Rodr\u00edguez, \u00abLa Cepal va a participar financi\u00e1ndonos con expertos en anal\u00edtica de datos para que nos ayuden a articular mejor el proceso al interior y el exterior de la Gobernaci\u00f3n. Este acompa\u00f1amiento nos permitir\u00e1 robustecer nuestras plataformas, para ser un departamento que le apueste a la participaci\u00f3n ciudadana con transparencia y que adem\u00e1s se le pueda hacer seguimiento en l\u00ednea a las iniciativas de la ciudadan\u00eda.\u00bb<\/p>\n\n\n\n<p>La iniciativa, enmarcada en los proyectos estrat\u00e9gicos liderados por la gobernadora Dilian Francisca Toro, tiene como objetivo principal mejorar la calidad de vida de los vallecaucanos. La colaboraci\u00f3n con la Cepal permitir\u00e1 no solo recibir financiamiento, sino tambi\u00e9n contar con la experiencia de expertos en anal\u00edtica de datos para optimizar la gesti\u00f3n interna y externa de la Gobernaci\u00f3n.<\/p>\n\n\n\n<p>En este contexto, se ha implementado el voto electr\u00f3nico en los Conversatorios Ciudadanos, un espacio crucial de di\u00e1logo con las comunidades. Liza Rodr\u00edguez destac\u00f3, \u00abQueremos llevar la participaci\u00f3n ciudadana a otro nivel, es inter\u00e9s de la gobernadora Dilian Francisca Toro, utilizar las nuevas tecnolog\u00edas para hacer un ejercicio de cara a la ciudadan\u00eda con transparencia y sobre todo, que se le pueda hacer un seguimiento en l\u00ednea a las iniciativas.\u00bb<\/p>\n\n\n\n<figure class=\"wp-block-image size-full\"><img loading=\"lazy\" decoding=\"async\" width=\"980\" height=\"590\" src=\"https:\/\/cnctulua.tv\/wp-content\/uploads\/2024\/03\/60e97b8b2bf10.jpeg\" alt=\"\" class=\"wp-image-16037\" srcset=\"https:\/\/cnctulua.tv\/wp-content\/uploads\/2024\/03\/60e97b8b2bf10.jpeg 980w, https:\/\/cnctulua.tv\/wp-content\/uploads\/2024\/03\/60e97b8b2bf10-300x181.webp 300w, https:\/\/cnctulua.tv\/wp-content\/uploads\/2024\/03\/60e97b8b2bf10-768x462.webp 768w\" sizes=\"auto, (max-width: 980px) 100vw, 980px\" \/><\/figure>\n\n\n\n<p>Los primeros resultados de la votaci\u00f3n electr\u00f3nica en Yumbo y Buga fueron alentadores, con la participaci\u00f3n de 9.846 personas. Proyectos de infraestructura vial, deportiva, mejoramientos de vivienda, agua y salud mental fueron priorizados para ejecuci\u00f3n con los recursos del presupuesto participativo del Valle del Cauca. Esta iniciativa marca un hito en el compromiso de la administraci\u00f3n por atender las necesidades fundamentales de la comunidad, llevando la participaci\u00f3n ciudadana a un nuevo nivel.<\/p>\n","protected":false},"excerpt":{"rendered":"<p>En un significativo paso hacia la modernizaci\u00f3n y fortalecimiento de la participaci\u00f3n ciudadana, la Gobernaci\u00f3n del Valle del Cauca ha concretado un importante convenio con la Comisi\u00f3n Econ\u00f3mica para Am\u00e9rica Latina y el Caribe (Cepal). La entidad internacional asumir\u00e1 la financiaci\u00f3n para potenciar el componente tecnol\u00f3gico de la Pol\u00edtica P\u00fablica de Participaci\u00f3n Ciudadana del departamento. [&hellip;]<\/p>\n","protected":false},"author":3,"featured_media":16038,"comment_status":"open","ping_status":"open","sticky":false,"template":"","format":"video","meta":{"footnotes":""},"categories":[10],"tags":[],"class_list":["post-16036","post","type-post","status-publish","format-video","has-post-thumbnail","hentry","category-cnc-noticias-tulua","post_format-post-format-video"],"_links":{"self":[{"href":"https:\/\/cnctulua.tv\/index.php?rest_route=\/wp\/v2\/posts\/16036","targetHints":{"allow":["GET"]}}],"collection":[{"href":"https:\/\/cnctulua.tv\/index.php?rest_route=\/wp\/v2\/posts"}],"about":[{"href":"https:\/\/cnctulua.tv\/index.php?rest_route=\/wp\/v2\/types\/post"}],"author":[{"embeddable":true,"href":"https:\/\/cnctulua.tv\/index.php?rest_route=\/wp\/v2\/users\/3"}],"replies":[{"embeddable":true,"href":"https:\/\/cnctulua.tv\/index.php?rest_route=%2Fwp%2Fv2%2Fcomments&post=16036"}],"version-history":[{"count":1,"href":"https:\/\/cnctulua.tv\/index.php?rest_route=\/wp\/v2\/posts\/16036\/revisions"}],"predecessor-version":[{"id":16039,"href":"https:\/\/cnctulua.tv\/index.php?rest_route=\/wp\/v2\/posts\/16036\/revisions\/16039"}],"wp:featuredmedia":[{"embeddable":true,"href":"https:\/\/cnctulua.tv\/index.php?rest_route=\/wp\/v2\/media\/16038"}],"wp:attachment":[{"href":"https:\/\/cnctulua.tv\/index.php?rest_route=%2Fwp%2Fv2%2Fmedia&parent=16036"}],"wp:term":[{"taxonomy":"category","embeddable":true,"href":"https:\/\/cnctulua.tv\/index.php?rest_route=%2Fwp%2Fv2%2Fcategories&post=16036"},{"taxonomy":"post_tag","embeddable":true,"href":"https:\/\/cnctulua.tv\/index.php?rest_route=%2Fwp%2Fv2%2Ftags&post=16036"}],"curies":[{"name":"wp","href":"https:\/\/api.w.org\/{rel}","templated":true}]}}