{"id":16040,"date":"2024-03-12T21:03:09","date_gmt":"2024-03-12T21:03:09","guid":{"rendered":"https:\/\/cnctulua.tv\/?p=16040"},"modified":"2024-03-12T21:03:14","modified_gmt":"2024-03-12T21:03:14","slug":"valle-emplea-gobernadora-dilian-francisca-toro-anuncia-oportunidades-educativas-y-laborales-en-buenaventura","status":"publish","type":"post","link":"https:\/\/cnctulua.tv\/?p=16040","title":{"rendered":"\u00abVALLE EMPLEA\u00bb: GOBERNADORA DILIAN FRANCISCA TORO ANUNCIA OPORTUNIDADES EDUCATIVAS Y LABORALES EN BUENAVENTURA."},"content":{"rendered":"\n<p>La Gobernadora del Valle del Cauca, Dilian Francisca Toro, anunci\u00f3 con entusiasmo el lanzamiento del programa \u00abValle Emplea\u00bb en Buenaventura, destacando la importancia de ofrecer oportunidades de educaci\u00f3n y empleo a los j\u00f3venes de la regi\u00f3n.<\/p>\n\n\n\n<p>En sus declaraciones, la mandataria expres\u00f3: \u00abValle Emplea es para darle la oportunidad a los j\u00f3venes que puedan estudiar, pero al mismo tiempo trabajar. Este programa va a abarcar m\u00e1s o menos 6.000 j\u00f3venes y espero que Buenaventura tenga por lo menos de 500 a 800 j\u00f3venes estudiando para trabajar\u00bb.<\/p>\n\n\n\n<figure class=\"wp-block-embed is-type-video is-provider-youtube wp-block-embed-youtube wp-embed-aspect-16-9 wp-has-aspect-ratio\"><div class=\"wp-block-embed__wrapper\">\n<iframe loading=\"lazy\" title=\"Impulso educativo y laboral para j\u00f3venes Bonaverenses: Valle emplea ofrece entre 500 y 800 cupos.\" width=\"640\" height=\"360\" src=\"https:\/\/www.youtube.com\/embed\/zdMvPphmnPw?feature=oembed\" frameborder=\"0\" allow=\"accelerometer; autoplay; clipboard-write; encrypted-media; gyroscope; picture-in-picture; web-share\" referrerpolicy=\"strict-origin-when-cross-origin\" allowfullscreen><\/iframe>\n<\/div><\/figure>\n\n\n\n<p>La gobernadora tambi\u00e9n resalt\u00f3 la diversidad de programas educativos, como el de programaci\u00f3n y desarrollo de software, que buscar\u00e1n una vinculaci\u00f3n directa con empresas nacionales e internacionales. \u00abTenemos un programa de universidad virtual para que todos los que quieran estudiar puedan hacerlo desde all\u00ed. Es el Mega Campus Virtual y ah\u00ed tambi\u00e9n van a tener el programa de Valle Emplea con carreras t\u00e9cnicas, tecnol\u00f3gicas y universitarias. Todas las universidades del Valle del Cauca van a tener programas en esa plataforma\u00bb, precis\u00f3 Toro.<\/p>\n\n\n\n<p>Enfoc\u00e1ndose en el beneficio directo para los bonaverenses, la Gobernadora anunci\u00f3 una colaboraci\u00f3n estrecha con la autoridad Distrital: \u00abVamos a promover el emprendimiento y all\u00ed vamos a trabajar con la alcaldesa para que nosotros podamos dar el 70%, ella el 30% y podamos darle la oportunidad a muchos j\u00f3venes, mujeres y personas que quieran generar emprendimiento\u00bb.<\/p>\n\n\n\n<p>Gladys Mondrag\u00f3n, estudiante de comercio exterior de la Universidad del Valle-sede Pac\u00edfico, respald\u00f3 la iniciativa Valle Emplea, destacando su importancia para retener el talento local: \u00abSi en nuestro propio pueblo podemos encontrar empleo es un m\u00e1s, no tenemos que irnos, aqu\u00ed hay mucha posibilidad de empleo, entonces que nos den esa posibilidad de trabajar aqu\u00ed es importante para no migrar\u00bb.<\/p>\n","protected":false},"excerpt":{"rendered":"<p>La Gobernadora del Valle del Cauca, Dilian Francisca Toro, anunci\u00f3 con entusiasmo el lanzamiento del programa \u00abValle Emplea\u00bb en Buenaventura, destacando la importancia de ofrecer oportunidades de educaci\u00f3n y empleo a los j\u00f3venes de la regi\u00f3n. En sus declaraciones, la mandataria expres\u00f3: \u00abValle Emplea es para darle la oportunidad a los j\u00f3venes que puedan estudiar, [&hellip;]<\/p>\n","protected":false},"author":3,"featured_media":16041,"comment_status":"open","ping_status":"open","sticky":false,"template":"","format":"video","meta":{"footnotes":""},"categories":[10],"tags":[],"class_list":["post-16040","post","type-post","status-publish","format-video","has-post-thumbnail","hentry","category-cnc-noticias-tulua","post_format-post-format-video"],"_links":{"self":[{"href":"https:\/\/cnctulua.tv\/index.php?rest_route=\/wp\/v2\/posts\/16040","targetHints":{"allow":["GET"]}}],"collection":[{"href":"https:\/\/cnctulua.tv\/index.php?rest_route=\/wp\/v2\/posts"}],"about":[{"href":"https:\/\/cnctulua.tv\/index.php?rest_route=\/wp\/v2\/types\/post"}],"author":[{"embeddable":true,"href":"https:\/\/cnctulua.tv\/index.php?rest_route=\/wp\/v2\/users\/3"}],"replies":[{"embeddable":true,"href":"https:\/\/cnctulua.tv\/index.php?rest_route=%2Fwp%2Fv2%2Fcomments&post=16040"}],"version-history":[{"count":1,"href":"https:\/\/cnctulua.tv\/index.php?rest_route=\/wp\/v2\/posts\/16040\/revisions"}],"predecessor-version":[{"id":16042,"href":"https:\/\/cnctulua.tv\/index.php?rest_route=\/wp\/v2\/posts\/16040\/revisions\/16042"}],"wp:featuredmedia":[{"embeddable":true,"href":"https:\/\/cnctulua.tv\/index.php?rest_route=\/wp\/v2\/media\/16041"}],"wp:attachment":[{"href":"https:\/\/cnctulua.tv\/index.php?rest_route=%2Fwp%2Fv2%2Fmedia&parent=16040"}],"wp:term":[{"taxonomy":"category","embeddable":true,"href":"https:\/\/cnctulua.tv\/index.php?rest_route=%2Fwp%2Fv2%2Fcategories&post=16040"},{"taxonomy":"post_tag","embeddable":true,"href":"https:\/\/cnctulua.tv\/index.php?rest_route=%2Fwp%2Fv2%2Ftags&post=16040"}],"curies":[{"name":"wp","href":"https:\/\/api.w.org\/{rel}","templated":true}]}}