{"id":16043,"date":"2024-03-12T21:14:53","date_gmt":"2024-03-12T21:14:53","guid":{"rendered":"https:\/\/cnctulua.tv\/?p=16043"},"modified":"2024-03-12T21:14:56","modified_gmt":"2024-03-12T21:14:56","slug":"armada-de-colombia-refuerza-seguridad-golpe-decisivo-contra-grupos-armados-en-el-pacifico","status":"publish","type":"post","link":"https:\/\/cnctulua.tv\/?p=16043","title":{"rendered":"ARMADA DE COLOMBIA REFUERZA SEGURIDAD: Golpe Decisivo Contra Grupos Armados en el Pac\u00edfico."},"content":{"rendered":"\n<p>En una operaci\u00f3n conjunta, unidades del Batall\u00f3n de Infanter\u00eda de Marina No. 23 y el Batall\u00f3n de Selva No. 54, pertenecientes a la Fuerza de Tarea Conjunta \u201cTit\u00e1n\u201d, lograron desmantelar una comisi\u00f3n armada del Ej\u00e9rcito de Liberaci\u00f3n Nacional (ELN) en la regi\u00f3n de Jurad\u00f3, Choc\u00f3. La confrontaci\u00f3n armada se desarroll\u00f3 entre la Subestructura \u201cPac\u00edfico\u201d del \u00abClan del Golfo\u00bb y el frente \u201cResistencia Cimarr\u00f3n\u201d del ELN.<\/p>\n\n\n\n<figure class=\"wp-block-embed is-type-video is-provider-youtube wp-block-embed-youtube wp-embed-aspect-16-9 wp-has-aspect-ratio\"><div class=\"wp-block-embed__wrapper\">\n<iframe loading=\"lazy\" title=\"Desarticulan comisiones armadas del ELN.\" width=\"640\" height=\"360\" src=\"https:\/\/www.youtube.com\/embed\/5YVfaMfc0yE?feature=oembed\" frameborder=\"0\" allow=\"accelerometer; autoplay; clipboard-write; encrypted-media; gyroscope; picture-in-picture; web-share\" referrerpolicy=\"strict-origin-when-cross-origin\" allowfullscreen><\/iframe>\n<\/div><\/figure>\n\n\n\n<p>Cuatro presuntos integrantes del Grupo Armado Organizado \u201cELN\u201d, incluyendo a alias \u201cPineda\u201d, presunto cabecilla de la comisi\u00f3n armada, y alias \u201cLa Chola\u201d, se entregaron voluntariamente a las autoridades militares durante la operaci\u00f3n. Recibieron atenci\u00f3n m\u00e9dica primaria por parte de enfermeros de combate militar y fueron entregados al Programa de Atenci\u00f3n Humanitaria al Desmovilizado, liderado por el Ministerio de Defensa Nacional.<\/p>\n\n\n\n<p>En el \u00e1rea de las confrontaciones, espec\u00edficamente en Punta Ardita, se descubri\u00f3 un campamento con capacidad para albergar hasta 15 sujetos. Lamentablemente, el cuerpo sin vida de alias \u201cCamilo\u201d, segundo cabecilla de la comisi\u00f3n armada de \u201cPineda\u201d, fue encontrado en el lugar. Adem\u00e1s, se incaut\u00f3 armamento, municiones y otros elementos utilizados por el ELN, evidenciando la contundencia de los combates.<\/p>\n\n\n\n<figure class=\"wp-block-image size-large\"><img loading=\"lazy\" decoding=\"async\" width=\"1024\" height=\"768\" src=\"https:\/\/cnctulua.tv\/wp-content\/uploads\/2024\/03\/WhatsApp-Image-2024-03-11-at-4.00.15-PM-1-1024x768.webp\" alt=\"\" class=\"wp-image-16044\" srcset=\"https:\/\/cnctulua.tv\/wp-content\/uploads\/2024\/03\/WhatsApp-Image-2024-03-11-at-4.00.15-PM-1-1024x768.webp 1024w, https:\/\/cnctulua.tv\/wp-content\/uploads\/2024\/03\/WhatsApp-Image-2024-03-11-at-4.00.15-PM-1-300x225.webp 300w, https:\/\/cnctulua.tv\/wp-content\/uploads\/2024\/03\/WhatsApp-Image-2024-03-11-at-4.00.15-PM-1-768x576.webp 768w, https:\/\/cnctulua.tv\/wp-content\/uploads\/2024\/03\/WhatsApp-Image-2024-03-11-at-4.00.15-PM-1-jpeg.webp 1280w\" sizes=\"auto, (max-width: 1024px) 100vw, 1024px\" \/><\/figure>\n\n\n\n<p>Estas acciones son resultado de la orden directa de alias \u201cYerson\u201d, cabecilla del Frente \u201cErnesto Che Guevara\u201d del ELN, quien envi\u00f3 dos comisiones armadas hacia el Choc\u00f3 en diciembre de 2023. Dichas comisiones, lideradas por alias \u201cPineda\u201d y alias \u201cRom\u00e1n\u201d, buscaban el control delictivo en el litoral Pac\u00edfico chocoano, enfrent\u00e1ndose constantemente al \u00abClan del Golfo\u00bb.<\/p>\n\n\n\n<p>La constante presencia y control ejercido por las Fuerzas Militares han llevado al proceso de desarticulaci\u00f3n de las dos comisiones armadas del ELN, afectando significativamente su estructura criminal y sus econom\u00edas il\u00edcitas en el Pac\u00edfico norte.<\/p>\n","protected":false},"excerpt":{"rendered":"<p>En una operaci\u00f3n conjunta, unidades del Batall\u00f3n de Infanter\u00eda de Marina No. 23 y el Batall\u00f3n de Selva No. 54, pertenecientes a la Fuerza de Tarea Conjunta \u201cTit\u00e1n\u201d, lograron desmantelar una comisi\u00f3n armada del Ej\u00e9rcito de Liberaci\u00f3n Nacional (ELN) en la regi\u00f3n de Jurad\u00f3, Choc\u00f3. La confrontaci\u00f3n armada se desarroll\u00f3 entre la Subestructura \u201cPac\u00edfico\u201d del [&hellip;]<\/p>\n","protected":false},"author":3,"featured_media":16045,"comment_status":"open","ping_status":"open","sticky":false,"template":"","format":"video","meta":{"footnotes":""},"categories":[10],"tags":[],"class_list":["post-16043","post","type-post","status-publish","format-video","has-post-thumbnail","hentry","category-cnc-noticias-tulua","post_format-post-format-video"],"_links":{"self":[{"href":"https:\/\/cnctulua.tv\/index.php?rest_route=\/wp\/v2\/posts\/16043","targetHints":{"allow":["GET"]}}],"collection":[{"href":"https:\/\/cnctulua.tv\/index.php?rest_route=\/wp\/v2\/posts"}],"about":[{"href":"https:\/\/cnctulua.tv\/index.php?rest_route=\/wp\/v2\/types\/post"}],"author":[{"embeddable":true,"href":"https:\/\/cnctulua.tv\/index.php?rest_route=\/wp\/v2\/users\/3"}],"replies":[{"embeddable":true,"href":"https:\/\/cnctulua.tv\/index.php?rest_route=%2Fwp%2Fv2%2Fcomments&post=16043"}],"version-history":[{"count":1,"href":"https:\/\/cnctulua.tv\/index.php?rest_route=\/wp\/v2\/posts\/16043\/revisions"}],"predecessor-version":[{"id":16046,"href":"https:\/\/cnctulua.tv\/index.php?rest_route=\/wp\/v2\/posts\/16043\/revisions\/16046"}],"wp:featuredmedia":[{"embeddable":true,"href":"https:\/\/cnctulua.tv\/index.php?rest_route=\/wp\/v2\/media\/16045"}],"wp:attachment":[{"href":"https:\/\/cnctulua.tv\/index.php?rest_route=%2Fwp%2Fv2%2Fmedia&parent=16043"}],"wp:term":[{"taxonomy":"category","embeddable":true,"href":"https:\/\/cnctulua.tv\/index.php?rest_route=%2Fwp%2Fv2%2Fcategories&post=16043"},{"taxonomy":"post_tag","embeddable":true,"href":"https:\/\/cnctulua.tv\/index.php?rest_route=%2Fwp%2Fv2%2Ftags&post=16043"}],"curies":[{"name":"wp","href":"https:\/\/api.w.org\/{rel}","templated":true}]}}