{"id":16048,"date":"2024-03-12T21:33:34","date_gmt":"2024-03-12T21:33:34","guid":{"rendered":"https:\/\/cnctulua.tv\/?p=16048"},"modified":"2024-03-12T21:33:39","modified_gmt":"2024-03-12T21:33:39","slug":"valle-del-cauca-da-un-paso-historico-hacia-la-legalizacion-de-la-mineria-ancestral","status":"publish","type":"post","link":"https:\/\/cnctulua.tv\/?p=16048","title":{"rendered":"VALLE DEL CAUCA DA UN PASO HIST\u00d3RICO HACIA LA LEGALIZACI\u00d3N DE LA MINER\u00cdA ANCESTRAL."},"content":{"rendered":"\n<p>En una trascendental colaboraci\u00f3n entre la Gobernaci\u00f3n del Valle del Cauca y los actores clave del sector minero, se llev\u00f3 a cabo la firma del Acuerdo Interinstitucional que allana el camino para la regulaci\u00f3n de pr\u00e1cticas mineras ancestrales en 11 municipios del departamento. El enfoque inicial se centra en Buenaventura, Dagua y Ginebra.<\/p>\n\n\n\n<figure class=\"wp-block-embed is-type-video is-provider-youtube wp-block-embed-youtube wp-embed-aspect-16-9 wp-has-aspect-ratio\"><div class=\"wp-block-embed__wrapper\">\n<iframe loading=\"lazy\" title=\"Firman acuerdo interinstitucional para regular miner\u00eda ancestral en Valle del Cauca.\" width=\"640\" height=\"360\" src=\"https:\/\/www.youtube.com\/embed\/GPvGP0sCoiI?feature=oembed\" frameborder=\"0\" allow=\"accelerometer; autoplay; clipboard-write; encrypted-media; gyroscope; picture-in-picture; web-share\" referrerpolicy=\"strict-origin-when-cross-origin\" allowfullscreen><\/iframe>\n<\/div><\/figure>\n\n\n\n<p>\u00abEstamos uniendo esfuerzos con la Agencia Nacional Minera, el Ministerio de Minas, los alcaldes de Dagua, Buenaventura y Ginebra con el prop\u00f3sito de legalizar algunos temas de la miner\u00eda artesanal y ancestral que hoy tenemos, sobre todo en el Pac\u00edfico y en la zona andina del Valle del Cauca,\u00bb explic\u00f3 Osvaldo Arcos, secretario de Ambiente del Valle del Cauca.<\/p>\n\n\n\n<p>Arcos destac\u00f3 que este acuerdo beneficiar\u00e1 a cerca de 10.000 familias en el Pac\u00edfico vallecaucano, mientras que, en Ginebra, aproximadamente 1.200 familias dedicadas a la miner\u00eda artesanal y ancestral ser\u00e1n incluidas en el Plan Departamental de Gesti\u00f3n Minero Ambiental, alineado con el Plan Nacional de Desarrollo.<\/p>\n\n\n\n<p>\u00abContamos con diferentes instrumentos que permiten hacer realidad esa actividad minera, tenemos el decreto 1396 del 2023, luego de 30 a\u00f1os hemos reglamentado el cap\u00edtulo quinto de la ley 70 del 1993,\u00bb se\u00f1al\u00f3 Violeta Mar\u00eda Aguilar, directora de Formalizaci\u00f3n Minera del Ministerio de Minas y Energ\u00eda.<\/p>\n\n\n\n<p>Marco Aurelio Hurtado, presidente de Gremivalle, asegur\u00f3 que el foco estar\u00e1 en dar apoyo a la asociatividad minera y orientar a los mineros para lograr su formalizaci\u00f3n.<\/p>\n\n\n\n<figure class=\"wp-block-image size-full is-resized\"><img loading=\"lazy\" decoding=\"async\" width=\"590\" height=\"370\" src=\"https:\/\/cnctulua.tv\/wp-content\/uploads\/2024\/03\/Minera-artesanal590-370-jpg.webp\" alt=\"\" class=\"wp-image-16051\" style=\"width:842px;height:auto\" srcset=\"https:\/\/cnctulua.tv\/wp-content\/uploads\/2024\/03\/Minera-artesanal590-370-jpg.webp 590w, https:\/\/cnctulua.tv\/wp-content\/uploads\/2024\/03\/Minera-artesanal590-370-300x188.webp 300w\" sizes=\"auto, (max-width: 590px) 100vw, 590px\" \/><\/figure>\n\n\n\n<p>\u00abEn esta primera etapa estamos comprometidos en tratar de llegar a cerca de 10.000 mineros para que puedan tener la posibilidad de acceder a formas de legalizaci\u00f3n,\u00bb afirm\u00f3 Hurtado.<\/p>\n\n\n\n<p>*Esta iniciativa se alinea con el compromiso del Gobierno nacional, seg\u00fan Aguilar: \u00abEl proyecto de la nueva ley minera busca consagrar, respetar, reivindicar y reconocer la miner\u00eda ancestral, artesanal de los pueblos y los territorios.\u00bb<\/p>\n\n\n\n<figure class=\"wp-block-image size-full\"><img loading=\"lazy\" decoding=\"async\" width=\"1024\" height=\"530\" src=\"https:\/\/cnctulua.tv\/wp-content\/uploads\/2024\/03\/62103c674f162-jpeg.webp\" alt=\"\" class=\"wp-image-16050\" srcset=\"https:\/\/cnctulua.tv\/wp-content\/uploads\/2024\/03\/62103c674f162-jpeg.webp 1024w, https:\/\/cnctulua.tv\/wp-content\/uploads\/2024\/03\/62103c674f162-300x155.webp 300w, https:\/\/cnctulua.tv\/wp-content\/uploads\/2024\/03\/62103c674f162-768x398.webp 768w\" sizes=\"auto, (max-width: 1024px) 100vw, 1024px\" \/><\/figure>\n\n\n\n<p>La legalizaci\u00f3n y formalizaci\u00f3n de estas actividades mineras no solo brindar\u00e1n estabilidad a las comunidades involucradas, sino que tambi\u00e9n se asegurar\u00e1 la sostenibilidad del medio ambiente y se mejorar\u00e1 la planificaci\u00f3n para lograr un sector minero m\u00e1s productivo y competitivo.<\/p>\n","protected":false},"excerpt":{"rendered":"<p>En una trascendental colaboraci\u00f3n entre la Gobernaci\u00f3n del Valle del Cauca y los actores clave del sector minero, se llev\u00f3 a cabo la firma del Acuerdo Interinstitucional que allana el camino para la regulaci\u00f3n de pr\u00e1cticas mineras ancestrales en 11 municipios del departamento. El enfoque inicial se centra en Buenaventura, Dagua y Ginebra. \u00abEstamos uniendo [&hellip;]<\/p>\n","protected":false},"author":3,"featured_media":16052,"comment_status":"open","ping_status":"open","sticky":false,"template":"","format":"video","meta":{"footnotes":""},"categories":[10],"tags":[],"class_list":["post-16048","post","type-post","status-publish","format-video","has-post-thumbnail","hentry","category-cnc-noticias-tulua","post_format-post-format-video"],"_links":{"self":[{"href":"https:\/\/cnctulua.tv\/index.php?rest_route=\/wp\/v2\/posts\/16048","targetHints":{"allow":["GET"]}}],"collection":[{"href":"https:\/\/cnctulua.tv\/index.php?rest_route=\/wp\/v2\/posts"}],"about":[{"href":"https:\/\/cnctulua.tv\/index.php?rest_route=\/wp\/v2\/types\/post"}],"author":[{"embeddable":true,"href":"https:\/\/cnctulua.tv\/index.php?rest_route=\/wp\/v2\/users\/3"}],"replies":[{"embeddable":true,"href":"https:\/\/cnctulua.tv\/index.php?rest_route=%2Fwp%2Fv2%2Fcomments&post=16048"}],"version-history":[{"count":1,"href":"https:\/\/cnctulua.tv\/index.php?rest_route=\/wp\/v2\/posts\/16048\/revisions"}],"predecessor-version":[{"id":16053,"href":"https:\/\/cnctulua.tv\/index.php?rest_route=\/wp\/v2\/posts\/16048\/revisions\/16053"}],"wp:featuredmedia":[{"embeddable":true,"href":"https:\/\/cnctulua.tv\/index.php?rest_route=\/wp\/v2\/media\/16052"}],"wp:attachment":[{"href":"https:\/\/cnctulua.tv\/index.php?rest_route=%2Fwp%2Fv2%2Fmedia&parent=16048"}],"wp:term":[{"taxonomy":"category","embeddable":true,"href":"https:\/\/cnctulua.tv\/index.php?rest_route=%2Fwp%2Fv2%2Fcategories&post=16048"},{"taxonomy":"post_tag","embeddable":true,"href":"https:\/\/cnctulua.tv\/index.php?rest_route=%2Fwp%2Fv2%2Ftags&post=16048"}],"curies":[{"name":"wp","href":"https:\/\/api.w.org\/{rel}","templated":true}]}}