{"id":16060,"date":"2024-03-13T16:51:57","date_gmt":"2024-03-13T16:51:57","guid":{"rendered":"https:\/\/cnctulua.tv\/?p=16060"},"modified":"2024-03-13T16:52:01","modified_gmt":"2024-03-13T16:52:01","slug":"operativo-farallones-1-desarticula-red-de-apoyo-al-terrorismo-en-jamundi","status":"publish","type":"post","link":"https:\/\/cnctulua.tv\/?p=16060","title":{"rendered":"OPERATIVO &#8216;FARALLONES 1&#8217; DESARTICULA RED DE APOYO AL TERRORISMO EN JAMUND\u00cd."},"content":{"rendered":"\n<p>En una operaci\u00f3n coordinada entre la Fiscal\u00eda General de la Naci\u00f3n, la Seccional de Investigaci\u00f3n Judicial (SIJIN), y el Grupo de Acci\u00f3n Unificada por la Libertad Personal (GAULA), con el respaldo de la Gobernaci\u00f3n del Valle del Cauca y la Alcald\u00eda Municipal, se logr\u00f3 la captura de un individuo identificado como alias &#8216;Goliat&#8217;, pieza clave de una red de apoyo al terrorismo vinculada a la columna m\u00f3vil Jaime Mart\u00ednez.<\/p>\n\n\n\n<p>El operativo, denominado &#8216;Farallones 1&#8217;, se llev\u00f3 a cabo en el sector Terranova del municipio de Jamund\u00ed, culminando con la detenci\u00f3n de &#8216;Goliat&#8217; por los delitos de tr\u00e1fico, fabricaci\u00f3n y porte de estupefacientes, as\u00ed como porte ilegal de armas de fuego.<\/p>\n\n\n\n<figure class=\"wp-block-embed is-type-video is-provider-youtube wp-block-embed-youtube wp-embed-aspect-16-9 wp-has-aspect-ratio\"><div class=\"wp-block-embed__wrapper\">\n<iframe loading=\"lazy\" title=\"Cay\u00f3 alias &#039;Goliat&#039;, miembro clave de red de apoyo al terrorismo en Jamund\u00ed.\" width=\"640\" height=\"360\" src=\"https:\/\/www.youtube.com\/embed\/jOpYa9_XPjw?feature=oembed\" frameborder=\"0\" allow=\"accelerometer; autoplay; clipboard-write; encrypted-media; gyroscope; picture-in-picture; web-share\" referrerpolicy=\"strict-origin-when-cross-origin\" allowfullscreen><\/iframe>\n<\/div><\/figure>\n\n\n\n<p>Las autoridades destacan que este individuo, adem\u00e1s de dedicarse a la compra y venta de armamento y estupefacientes, utilizaba menores de edad para la manipulaci\u00f3n de panfletos y carteles alusivos a la columna m\u00f3vil Jaime Mart\u00ednez. Esta estrategia buscaba distraer a las autoridades y demostrar la presencia del grupo en la zona sin ser identificados.<\/p>\n\n\n\n<p>Durante las cuatro diligencias de registro y allanamiento realizadas, se incautaron diversas evidencias, entre ellas un arma de fuego tipo pistola traum\u00e1tica modificada, sustancias estupefacientes, motocicletas, radios de comunicaciones y tel\u00e9fonos celulares.<\/p>\n\n\n\n<p>La investigaci\u00f3n revel\u00f3 que &#8216;Goliat&#8217; tiene antecedentes por delitos graves, siendo responsable en el a\u00f1o 2014 del secuestro y fallecimiento en cautiverio de dos uniformados de la polic\u00eda nacional en el municipio de Tumaco, Nari\u00f1o.<\/p>\n\n\n\n<p>Alias &#8216;Goliat&#8217; fue dejado a disposici\u00f3n de la Fiscal\u00eda General de la Naci\u00f3n, donde un Juez de Control de Garant\u00edas le impuso medida de aseguramiento intramural. Este contundente golpe representa un avance significativo en la desarticulaci\u00f3n de redes criminales y la lucha contra el terrorismo en la regi\u00f3n.<\/p>\n","protected":false},"excerpt":{"rendered":"<p>En una operaci\u00f3n coordinada entre la Fiscal\u00eda General de la Naci\u00f3n, la Seccional de Investigaci\u00f3n Judicial (SIJIN), y el Grupo de Acci\u00f3n Unificada por la Libertad Personal (GAULA), con el respaldo de la Gobernaci\u00f3n del Valle del Cauca y la Alcald\u00eda Municipal, se logr\u00f3 la captura de un individuo identificado como alias &#8216;Goliat&#8217;, pieza clave [&hellip;]<\/p>\n","protected":false},"author":3,"featured_media":16061,"comment_status":"open","ping_status":"open","sticky":false,"template":"","format":"video","meta":{"footnotes":""},"categories":[10],"tags":[],"class_list":["post-16060","post","type-post","status-publish","format-video","has-post-thumbnail","hentry","category-cnc-noticias-tulua","post_format-post-format-video"],"_links":{"self":[{"href":"https:\/\/cnctulua.tv\/index.php?rest_route=\/wp\/v2\/posts\/16060","targetHints":{"allow":["GET"]}}],"collection":[{"href":"https:\/\/cnctulua.tv\/index.php?rest_route=\/wp\/v2\/posts"}],"about":[{"href":"https:\/\/cnctulua.tv\/index.php?rest_route=\/wp\/v2\/types\/post"}],"author":[{"embeddable":true,"href":"https:\/\/cnctulua.tv\/index.php?rest_route=\/wp\/v2\/users\/3"}],"replies":[{"embeddable":true,"href":"https:\/\/cnctulua.tv\/index.php?rest_route=%2Fwp%2Fv2%2Fcomments&post=16060"}],"version-history":[{"count":1,"href":"https:\/\/cnctulua.tv\/index.php?rest_route=\/wp\/v2\/posts\/16060\/revisions"}],"predecessor-version":[{"id":16062,"href":"https:\/\/cnctulua.tv\/index.php?rest_route=\/wp\/v2\/posts\/16060\/revisions\/16062"}],"wp:featuredmedia":[{"embeddable":true,"href":"https:\/\/cnctulua.tv\/index.php?rest_route=\/wp\/v2\/media\/16061"}],"wp:attachment":[{"href":"https:\/\/cnctulua.tv\/index.php?rest_route=%2Fwp%2Fv2%2Fmedia&parent=16060"}],"wp:term":[{"taxonomy":"category","embeddable":true,"href":"https:\/\/cnctulua.tv\/index.php?rest_route=%2Fwp%2Fv2%2Fcategories&post=16060"},{"taxonomy":"post_tag","embeddable":true,"href":"https:\/\/cnctulua.tv\/index.php?rest_route=%2Fwp%2Fv2%2Ftags&post=16060"}],"curies":[{"name":"wp","href":"https:\/\/api.w.org\/{rel}","templated":true}]}}