{"id":16074,"date":"2024-03-13T17:46:46","date_gmt":"2024-03-13T17:46:46","guid":{"rendered":"https:\/\/cnctulua.tv\/?p=16074"},"modified":"2024-03-13T17:51:42","modified_gmt":"2024-03-13T17:51:42","slug":"golpe-al-crimen-capturado-goliat-presunto-reclutador-ligado-a-violencia-del-2014","status":"publish","type":"post","link":"https:\/\/cnctulua.tv\/?p=16074","title":{"rendered":"GOLPE AL CRIMEN: CAPTURADO &#8216;GOLIAT&#8217;, Presunto Reclutador Ligado a Violencia del 2014&#8243;."},"content":{"rendered":"\n<p>En una contundente acci\u00f3n interinstitucional liderada por la Gobernadora Dilian Francisca Toro, la Polic\u00eda y la Fiscal\u00eda del Valle del Cauca lograron la captura de alias \u00abGoliat\u00bb, presunto reclutador vinculado a la Jaime Mart\u00ednez y se\u00f1alado por su participaci\u00f3n en la muerte de un oficial y un polic\u00eda en 2014.<\/p>\n\n\n\n<p>\u00abEsta captura es fundamental para desmantelar las redes criminales que afectan la seguridad en nuestra regi\u00f3n. Alias &#8216;Goliat&#8217; estaba vinculado no solo al reclutamiento de j\u00f3venes, sino tambi\u00e9n a la muerte de un oficial y un polic\u00eda en 2014, lo que subraya la gravedad de sus acciones\u00bb, afirm\u00f3 la Gobernadora Toro.<\/p>\n\n\n\n<figure class=\"wp-block-embed is-type-video is-provider-youtube wp-block-embed-youtube wp-embed-aspect-16-9 wp-has-aspect-ratio\"><div class=\"wp-block-embed__wrapper\">\n<iframe loading=\"lazy\" title=\"Operativo en Jamund\u00ed: Capturado presunto reclutador vinculado a cr\u00edmenes de 2014.\" width=\"640\" height=\"360\" src=\"https:\/\/www.youtube.com\/embed\/E43Y7b0X0XM?feature=oembed\" frameborder=\"0\" allow=\"accelerometer; autoplay; clipboard-write; encrypted-media; gyroscope; picture-in-picture; web-share\" referrerpolicy=\"strict-origin-when-cross-origin\" allowfullscreen><\/iframe>\n<\/div><\/figure>\n\n\n\n<p>Bajo la direcci\u00f3n del coronel Oviedo, la operaci\u00f3n se llev\u00f3 a cabo con \u00e9xito en el municipio de Jamund\u00ed. La Gobernadora expres\u00f3 su agradecimiento a la Polic\u00eda y la Fiscal\u00eda por su labor, destacando la importancia de la colaboraci\u00f3n entre instituciones para enfrentar y neutralizar amenazas a la seguridad ciudadana.<\/p>\n\n\n\n<p>\u00abLa captura de &#8216;Goliat&#8217; es un golpe significativo a la estructura de la Jaime Mart\u00ednez, una organizaci\u00f3n que ha generado diversos problemas en la zona rural de Jamund\u00ed y el norte del Valle del Cauca\u00bb, agreg\u00f3 la Gobernadora.<\/p>\n\n\n\n<p>La comunidad de Jamund\u00ed y el norte del Valle del Cauca espera que esta acci\u00f3n contribuya a la disminuci\u00f3n de la violencia en la regi\u00f3n, reafirmando el compromiso de las autoridades con la seguridad y bienestar de sus habitantes. La Gobernadora Dilian Francisca Toro enfatiz\u00f3 la importancia de continuar fortaleciendo la colaboraci\u00f3n entre las instituciones para mantener la paz en la regi\u00f3n.<\/p>\n","protected":false},"excerpt":{"rendered":"<p>En una contundente acci\u00f3n interinstitucional liderada por la Gobernadora Dilian Francisca Toro, la Polic\u00eda y la Fiscal\u00eda del Valle del Cauca lograron la captura de alias \u00abGoliat\u00bb, presunto reclutador vinculado a la Jaime Mart\u00ednez y se\u00f1alado por su participaci\u00f3n en la muerte de un oficial y un polic\u00eda en 2014. \u00abEsta captura es fundamental para [&hellip;]<\/p>\n","protected":false},"author":3,"featured_media":16081,"comment_status":"open","ping_status":"open","sticky":false,"template":"","format":"video","meta":{"footnotes":""},"categories":[10],"tags":[],"class_list":["post-16074","post","type-post","status-publish","format-video","has-post-thumbnail","hentry","category-cnc-noticias-tulua","post_format-post-format-video"],"_links":{"self":[{"href":"https:\/\/cnctulua.tv\/index.php?rest_route=\/wp\/v2\/posts\/16074","targetHints":{"allow":["GET"]}}],"collection":[{"href":"https:\/\/cnctulua.tv\/index.php?rest_route=\/wp\/v2\/posts"}],"about":[{"href":"https:\/\/cnctulua.tv\/index.php?rest_route=\/wp\/v2\/types\/post"}],"author":[{"embeddable":true,"href":"https:\/\/cnctulua.tv\/index.php?rest_route=\/wp\/v2\/users\/3"}],"replies":[{"embeddable":true,"href":"https:\/\/cnctulua.tv\/index.php?rest_route=%2Fwp%2Fv2%2Fcomments&post=16074"}],"version-history":[{"count":1,"href":"https:\/\/cnctulua.tv\/index.php?rest_route=\/wp\/v2\/posts\/16074\/revisions"}],"predecessor-version":[{"id":16077,"href":"https:\/\/cnctulua.tv\/index.php?rest_route=\/wp\/v2\/posts\/16074\/revisions\/16077"}],"wp:featuredmedia":[{"embeddable":true,"href":"https:\/\/cnctulua.tv\/index.php?rest_route=\/wp\/v2\/media\/16081"}],"wp:attachment":[{"href":"https:\/\/cnctulua.tv\/index.php?rest_route=%2Fwp%2Fv2%2Fmedia&parent=16074"}],"wp:term":[{"taxonomy":"category","embeddable":true,"href":"https:\/\/cnctulua.tv\/index.php?rest_route=%2Fwp%2Fv2%2Fcategories&post=16074"},{"taxonomy":"post_tag","embeddable":true,"href":"https:\/\/cnctulua.tv\/index.php?rest_route=%2Fwp%2Fv2%2Ftags&post=16074"}],"curies":[{"name":"wp","href":"https:\/\/api.w.org\/{rel}","templated":true}]}}