{"id":16087,"date":"2024-03-13T19:15:12","date_gmt":"2024-03-13T19:15:12","guid":{"rendered":"https:\/\/cnctulua.tv\/?p=16087"},"modified":"2024-03-13T19:15:16","modified_gmt":"2024-03-13T19:15:16","slug":"se-creara-la-primera-red-departamental-de-cuidadores-y-cuidadoras-en-el-valle-del-cauca","status":"publish","type":"post","link":"https:\/\/cnctulua.tv\/?p=16087","title":{"rendered":"SE CREAR\u00c1 LA PRIMERA RED DEPARTAMENTAL DE CUIDADORES Y CUIDADORAS EN EL VALLE DEL CAUCA."},"content":{"rendered":"\n<p>La Gobernaci\u00f3n del Valle del Cauca establecer\u00e1 la primera Red Departamental de Cuidadoras y Cuidadores, con el prop\u00f3sito de caracterizar y focalizar esta poblaci\u00f3n esencial para las personas con discapacidad.<\/p>\n\n\n\n<figure class=\"wp-block-embed is-type-video is-provider-youtube wp-block-embed-youtube wp-embed-aspect-16-9 wp-has-aspect-ratio\"><div class=\"wp-block-embed__wrapper\">\n<iframe loading=\"lazy\" title=\"Se crear\u00e1 la primera Red Departamental de Cuidadores para personas con discapacidad.\" width=\"640\" height=\"360\" src=\"https:\/\/www.youtube.com\/embed\/gsyXwdMkPtc?feature=oembed\" frameborder=\"0\" allow=\"accelerometer; autoplay; clipboard-write; encrypted-media; gyroscope; picture-in-picture; web-share\" referrerpolicy=\"strict-origin-when-cross-origin\" allowfullscreen><\/iframe>\n<\/div><\/figure>\n\n\n\n<p>&nbsp;Esta red busca que las personas con discapacidad se beneficien de programas y proyectos institucionales, tanto del sector p\u00fablico como del privado y comunitario, para mejorar sus condiciones de vida.<\/p>\n\n\n\n<p>Jimena Toro, gestora social del Valle, hace un llamado a la comunidad de cuidadores para que aprovechen esta oportunidad y contribuyan al cumplimiento de los objetivos regionales de bienestar y desarrollo social.<\/p>\n\n\n\n\n","protected":false},"excerpt":{"rendered":"<p>La Gobernaci\u00f3n del Valle del Cauca establecer\u00e1 la primera Red Departamental de Cuidadoras y Cuidadores, con el prop\u00f3sito de caracterizar y focalizar esta poblaci\u00f3n esencial para las personas con discapacidad. &nbsp;Esta red busca que las personas con discapacidad se beneficien de programas y proyectos institucionales, tanto del sector p\u00fablico como del privado y comunitario, para [&hellip;]<\/p>\n","protected":false},"author":3,"featured_media":16088,"comment_status":"open","ping_status":"open","sticky":false,"template":"","format":"video","meta":{"footnotes":""},"categories":[10],"tags":[],"class_list":["post-16087","post","type-post","status-publish","format-video","has-post-thumbnail","hentry","category-cnc-noticias-tulua","post_format-post-format-video"],"_links":{"self":[{"href":"https:\/\/cnctulua.tv\/index.php?rest_route=\/wp\/v2\/posts\/16087","targetHints":{"allow":["GET"]}}],"collection":[{"href":"https:\/\/cnctulua.tv\/index.php?rest_route=\/wp\/v2\/posts"}],"about":[{"href":"https:\/\/cnctulua.tv\/index.php?rest_route=\/wp\/v2\/types\/post"}],"author":[{"embeddable":true,"href":"https:\/\/cnctulua.tv\/index.php?rest_route=\/wp\/v2\/users\/3"}],"replies":[{"embeddable":true,"href":"https:\/\/cnctulua.tv\/index.php?rest_route=%2Fwp%2Fv2%2Fcomments&post=16087"}],"version-history":[{"count":1,"href":"https:\/\/cnctulua.tv\/index.php?rest_route=\/wp\/v2\/posts\/16087\/revisions"}],"predecessor-version":[{"id":16089,"href":"https:\/\/cnctulua.tv\/index.php?rest_route=\/wp\/v2\/posts\/16087\/revisions\/16089"}],"wp:featuredmedia":[{"embeddable":true,"href":"https:\/\/cnctulua.tv\/index.php?rest_route=\/wp\/v2\/media\/16088"}],"wp:attachment":[{"href":"https:\/\/cnctulua.tv\/index.php?rest_route=%2Fwp%2Fv2%2Fmedia&parent=16087"}],"wp:term":[{"taxonomy":"category","embeddable":true,"href":"https:\/\/cnctulua.tv\/index.php?rest_route=%2Fwp%2Fv2%2Fcategories&post=16087"},{"taxonomy":"post_tag","embeddable":true,"href":"https:\/\/cnctulua.tv\/index.php?rest_route=%2Fwp%2Fv2%2Ftags&post=16087"}],"curies":[{"name":"wp","href":"https:\/\/api.w.org\/{rel}","templated":true}]}}