{"id":16092,"date":"2024-03-13T19:42:35","date_gmt":"2024-03-13T19:42:35","guid":{"rendered":"https:\/\/cnctulua.tv\/?p=16092"},"modified":"2024-03-13T19:42:38","modified_gmt":"2024-03-13T19:42:38","slug":"proyecto-escuela-a-la-calle-fomenta-la-cohesion-comunitaria-y-los-vinculos-para-atender-la-realidad-social-en-tulua","status":"publish","type":"post","link":"https:\/\/cnctulua.tv\/?p=16092","title":{"rendered":"PROYECTO \u201cESCUELA A LA CALLE\u201d FOMENTA LA COHESI\u00d3N COMUNITARIA Y LOS V\u00cdNCULOS PARA ATENDER LA REALIDAD SOCIAL EN TULU\u00c1."},"content":{"rendered":"\n<p>Estudiantes de la Maestr\u00eda en Pedagog\u00eda de la UCEVA llevan a cabo un proyecto de investigaci\u00f3n denominado \u00abEscuela a la Calle\u00bb, el cual busca fomentar la cohesi\u00f3n comunitaria y establecer v\u00ednculos para abordar la realidad social en el municipio de Tulu\u00e1. Este proyecto se realiza en colaboraci\u00f3n con estudiantes de grado 11 de la Instituci\u00f3n Educativa T\u00e9cnico Industrial.<\/p>\n\n\n\n<figure class=\"wp-block-embed is-type-video is-provider-youtube wp-block-embed-youtube wp-embed-aspect-16-9 wp-has-aspect-ratio\"><div class=\"wp-block-embed__wrapper\">\n<iframe loading=\"lazy\" title=\"Proyecto &#039;Escuela a la Calle&#039;: solidaridad educativa en Tulu\u00e1.\" width=\"640\" height=\"360\" src=\"https:\/\/www.youtube.com\/embed\/WSwex922-Vg?feature=oembed\" frameborder=\"0\" allow=\"accelerometer; autoplay; clipboard-write; encrypted-media; gyroscope; picture-in-picture; web-share\" referrerpolicy=\"strict-origin-when-cross-origin\" allowfullscreen><\/iframe>\n<\/div><\/figure>\n\n\n\n<p>Hoy, 13 de marzo de 2024, realizaron una actividad por la ma\u00f1ana, durante la cual compartieron chocolate, pan y di\u00e1logo con personas vulnerables del municipio, como habitantes de calle y trabajadoras sexuales. El objetivo es promover un desarrollo humano que sensibilice a los j\u00f3venes y los concientice sobre las diversas historias de vida.<\/p>\n\n\n\n<p>El taller \u00abEscuela a la Calle\u00bb facilita la promoci\u00f3n de di\u00e1logos para fortalecer la interacci\u00f3n comunitaria y resaltar su importancia. A trav\u00e9s de este proyecto, se llevan a cabo lecturas de la realidad y an\u00e1lisis de las problem\u00e1ticas sociales del municipio.<\/p>\n\n\n\n<figure class=\"wp-block-image size-large\"><img loading=\"lazy\" decoding=\"async\" width=\"1024\" height=\"597\" src=\"https:\/\/cnctulua.tv\/wp-content\/uploads\/2024\/03\/WhatsApp-Image-2024-03-13-at-2.35.28-PM-1024x597.webp\" alt=\"\" class=\"wp-image-16093\" srcset=\"https:\/\/cnctulua.tv\/wp-content\/uploads\/2024\/03\/WhatsApp-Image-2024-03-13-at-2.35.28-PM-1024x597.webp 1024w, https:\/\/cnctulua.tv\/wp-content\/uploads\/2024\/03\/WhatsApp-Image-2024-03-13-at-2.35.28-PM-300x175.webp 300w, https:\/\/cnctulua.tv\/wp-content\/uploads\/2024\/03\/WhatsApp-Image-2024-03-13-at-2.35.28-PM-768x447.webp 768w, https:\/\/cnctulua.tv\/wp-content\/uploads\/2024\/03\/WhatsApp-Image-2024-03-13-at-2.35.28-PM-jpeg.webp 1483w\" sizes=\"auto, (max-width: 1024px) 100vw, 1024px\" \/><\/figure>\n\n\n\n<p>La actividad implica un recorrido con los estudiantes desde la instituci\u00f3n hasta llegar a la Plaza C\u00edvica Boyac\u00e1, donde comparten un desayuno con los habitantes de calle y entablan di\u00e1logos con el prop\u00f3sito de promover una educaci\u00f3n en Tulu\u00e1 basada en el amor, la empat\u00eda y la no violencia, mediante compromisos solidarios.<\/p>\n","protected":false},"excerpt":{"rendered":"<p>Estudiantes de la Maestr\u00eda en Pedagog\u00eda de la UCEVA llevan a cabo un proyecto de investigaci\u00f3n denominado \u00abEscuela a la Calle\u00bb, el cual busca fomentar la cohesi\u00f3n comunitaria y establecer v\u00ednculos para abordar la realidad social en el municipio de Tulu\u00e1. Este proyecto se realiza en colaboraci\u00f3n con estudiantes de grado 11 de la Instituci\u00f3n [&hellip;]<\/p>\n","protected":false},"author":3,"featured_media":16094,"comment_status":"open","ping_status":"open","sticky":false,"template":"","format":"video","meta":{"footnotes":""},"categories":[10],"tags":[],"class_list":["post-16092","post","type-post","status-publish","format-video","has-post-thumbnail","hentry","category-cnc-noticias-tulua","post_format-post-format-video"],"_links":{"self":[{"href":"https:\/\/cnctulua.tv\/index.php?rest_route=\/wp\/v2\/posts\/16092","targetHints":{"allow":["GET"]}}],"collection":[{"href":"https:\/\/cnctulua.tv\/index.php?rest_route=\/wp\/v2\/posts"}],"about":[{"href":"https:\/\/cnctulua.tv\/index.php?rest_route=\/wp\/v2\/types\/post"}],"author":[{"embeddable":true,"href":"https:\/\/cnctulua.tv\/index.php?rest_route=\/wp\/v2\/users\/3"}],"replies":[{"embeddable":true,"href":"https:\/\/cnctulua.tv\/index.php?rest_route=%2Fwp%2Fv2%2Fcomments&post=16092"}],"version-history":[{"count":1,"href":"https:\/\/cnctulua.tv\/index.php?rest_route=\/wp\/v2\/posts\/16092\/revisions"}],"predecessor-version":[{"id":16095,"href":"https:\/\/cnctulua.tv\/index.php?rest_route=\/wp\/v2\/posts\/16092\/revisions\/16095"}],"wp:featuredmedia":[{"embeddable":true,"href":"https:\/\/cnctulua.tv\/index.php?rest_route=\/wp\/v2\/media\/16094"}],"wp:attachment":[{"href":"https:\/\/cnctulua.tv\/index.php?rest_route=%2Fwp%2Fv2%2Fmedia&parent=16092"}],"wp:term":[{"taxonomy":"category","embeddable":true,"href":"https:\/\/cnctulua.tv\/index.php?rest_route=%2Fwp%2Fv2%2Fcategories&post=16092"},{"taxonomy":"post_tag","embeddable":true,"href":"https:\/\/cnctulua.tv\/index.php?rest_route=%2Fwp%2Fv2%2Ftags&post=16092"}],"curies":[{"name":"wp","href":"https:\/\/api.w.org\/{rel}","templated":true}]}}