{"id":16145,"date":"2024-03-14T18:31:28","date_gmt":"2024-03-14T18:31:28","guid":{"rendered":"https:\/\/cnctulua.tv\/?p=16145"},"modified":"2024-03-14T18:31:34","modified_gmt":"2024-03-14T18:31:34","slug":"operacion-conjunta-de-la-armada-y-la-policia-resulta-en-la-captura-de-cabecilla-del-clan-del-golfo-en-bahia-solano","status":"publish","type":"post","link":"https:\/\/cnctulua.tv\/?p=16145","title":{"rendered":"OPERACI\u00d3N CONJUNTA DE LA ARMADA Y LA POLIC\u00cdA RESULTA EN LA CAPTURA DE CABECILLA DEL CLAN DEL GOLFO EN BAH\u00cdA SOLANO."},"content":{"rendered":"\n<p>En una acci\u00f3n coordinada entre la Armada de Colombia y la Polic\u00eda Nacional, se logr\u00f3 la captura de alias \u00abEl Gordo\u00bb, presunto cabecilla pol\u00edtico de la subestructura \u00abPac\u00edfico\u00bb perteneciente al Grupo Armado Organizado \u00abClan del Golfo\u00bb. El operativo se llev\u00f3 a cabo en la localidad de Bah\u00eda Solano, ubicada en el departamento del Choc\u00f3.<\/p>\n\n\n\n<figure class=\"wp-block-embed is-type-video is-provider-youtube wp-block-embed-youtube wp-embed-aspect-16-9 wp-has-aspect-ratio\"><div class=\"wp-block-embed__wrapper\">\n<iframe loading=\"lazy\" title=\"Capturado alias &quot;El Gordo&quot;, presunto cabecilla pol\u00edtico del Clan del Golfo en Bah\u00eda Solano \u2013 Choc\u00f3.\" width=\"640\" height=\"360\" src=\"https:\/\/www.youtube.com\/embed\/L4XZnrRt7x0?feature=oembed\" frameborder=\"0\" allow=\"accelerometer; autoplay; clipboard-write; encrypted-media; gyroscope; picture-in-picture; web-share\" referrerpolicy=\"strict-origin-when-cross-origin\" allowfullscreen><\/iframe>\n<\/div><\/figure>\n\n\n\n<p>Las fuerzas combinadas de la Armada y la Polic\u00eda se desplazaron hasta una residencia en Playa Huina, donde se ejecut\u00f3 la orden de captura emitida por el Juzgado 103 con Control de Garant\u00edas de Quibd\u00f3. Durante la operaci\u00f3n, se incaut\u00f3 una pistola traum\u00e1tica, un proveedor y dos tel\u00e9fonos celulares.<\/p>\n\n\n\n<p>Alias \u00abEl Gordo\u00bb estar\u00eda vinculado a actividades delictivas en la regi\u00f3n por aproximadamente ocho a\u00f1os, desempe\u00f1ando un papel crucial en la vigilancia de cargamentos de drogas, armamento e insumos log\u00edsticos en el sur del Pac\u00edfico chocoano. Adem\u00e1s, se le atribuye la funci\u00f3n de impartir doctrina criminal a los miembros de la subestructura \u00abPac\u00edfico\u00bb en la zona Valle, as\u00ed como organizar la distribuci\u00f3n de indumentaria y armamento a otros l\u00edderes zonales y a los elementos armados en Bah\u00eda Solano.<\/p>\n\n\n","protected":false},"excerpt":{"rendered":"<p>En una acci\u00f3n coordinada entre la Armada de Colombia y la Polic\u00eda Nacional, se logr\u00f3 la captura de alias \u00abEl Gordo\u00bb, presunto cabecilla pol\u00edtico de la subestructura \u00abPac\u00edfico\u00bb perteneciente al Grupo Armado Organizado \u00abClan del Golfo\u00bb. El operativo se llev\u00f3 a cabo en la localidad de Bah\u00eda Solano, ubicada en el departamento del Choc\u00f3. Las [&hellip;]<\/p>\n","protected":false},"author":3,"featured_media":16146,"comment_status":"open","ping_status":"open","sticky":false,"template":"","format":"video","meta":{"footnotes":""},"categories":[10],"tags":[],"class_list":["post-16145","post","type-post","status-publish","format-video","has-post-thumbnail","hentry","category-cnc-noticias-tulua","post_format-post-format-video"],"_links":{"self":[{"href":"https:\/\/cnctulua.tv\/index.php?rest_route=\/wp\/v2\/posts\/16145","targetHints":{"allow":["GET"]}}],"collection":[{"href":"https:\/\/cnctulua.tv\/index.php?rest_route=\/wp\/v2\/posts"}],"about":[{"href":"https:\/\/cnctulua.tv\/index.php?rest_route=\/wp\/v2\/types\/post"}],"author":[{"embeddable":true,"href":"https:\/\/cnctulua.tv\/index.php?rest_route=\/wp\/v2\/users\/3"}],"replies":[{"embeddable":true,"href":"https:\/\/cnctulua.tv\/index.php?rest_route=%2Fwp%2Fv2%2Fcomments&post=16145"}],"version-history":[{"count":1,"href":"https:\/\/cnctulua.tv\/index.php?rest_route=\/wp\/v2\/posts\/16145\/revisions"}],"predecessor-version":[{"id":16147,"href":"https:\/\/cnctulua.tv\/index.php?rest_route=\/wp\/v2\/posts\/16145\/revisions\/16147"}],"wp:featuredmedia":[{"embeddable":true,"href":"https:\/\/cnctulua.tv\/index.php?rest_route=\/wp\/v2\/media\/16146"}],"wp:attachment":[{"href":"https:\/\/cnctulua.tv\/index.php?rest_route=%2Fwp%2Fv2%2Fmedia&parent=16145"}],"wp:term":[{"taxonomy":"category","embeddable":true,"href":"https:\/\/cnctulua.tv\/index.php?rest_route=%2Fwp%2Fv2%2Fcategories&post=16145"},{"taxonomy":"post_tag","embeddable":true,"href":"https:\/\/cnctulua.tv\/index.php?rest_route=%2Fwp%2Fv2%2Ftags&post=16145"}],"curies":[{"name":"wp","href":"https:\/\/api.w.org\/{rel}","templated":true}]}}