{"id":16148,"date":"2024-03-14T18:43:34","date_gmt":"2024-03-14T18:43:34","guid":{"rendered":"https:\/\/cnctulua.tv\/?p=16148"},"modified":"2024-03-14T18:43:38","modified_gmt":"2024-03-14T18:43:38","slug":"cambio-de-mando-nuevo-comandante-del-batallon-n-3-de-la-tercera-brigada-del-ejercito-nacional","status":"publish","type":"post","link":"https:\/\/cnctulua.tv\/?p=16148","title":{"rendered":"CAMBIO DE MANDO: NUEVO COMANDANTE DEL BATALL\u00d3N N. 3 DE LA TERCERA BRIGADA DEL EJ\u00c9RCITO NACIONAL."},"content":{"rendered":"\n<p>Despu\u00e9s de 14 meses de labor en el putumayo, el coronel Miguel Angel Tordecilla se asumi\u00f3 como nuevo comandante del batall\u00f3n n. 3 de la tercera brigada, una de las unidades operativas menores m\u00e1s antiguas del ej\u00e9rcito nacional.<\/p>\n\n\n\n<figure class=\"wp-block-embed is-type-video is-provider-youtube wp-block-embed-youtube wp-embed-aspect-16-9 wp-has-aspect-ratio\"><div class=\"wp-block-embed__wrapper\">\n<iframe loading=\"lazy\" title=\"Batall\u00f3n N. 3 de la Tercera Brigada del Ej\u00e9rcito Nacional tiene nuevo Comandante.\" width=\"640\" height=\"360\" src=\"https:\/\/www.youtube.com\/embed\/o6Dn_67-_fE?feature=oembed\" frameborder=\"0\" allow=\"accelerometer; autoplay; clipboard-write; encrypted-media; gyroscope; picture-in-picture; web-share\" referrerpolicy=\"strict-origin-when-cross-origin\" allowfullscreen><\/iframe>\n<\/div><\/figure>\n\n\n\n<p>En un trabajo coordinado con la Polic\u00eda Nacional, Fiscal\u00eda y CTI, el coronel Miguel Angel busca contribuir con la seguridad ciudadana para mitigar esta problem\u00e1tica presente en el municipio y el Valle del Cauca.<\/p>\n\n\n\n<p>El nuevo comandante expresa que la comunidad puede confiar en el trabajo articulado de los cuerpos policiales, ya que su trabajo esta enfocado en la seguridad e integridad de la ciudadan\u00eda vallecaucana.<\/p>\n","protected":false},"excerpt":{"rendered":"<p>Despu\u00e9s de 14 meses de labor en el putumayo, el coronel Miguel Angel Tordecilla se asumi\u00f3 como nuevo comandante del batall\u00f3n n. 3 de la tercera brigada, una de las unidades operativas menores m\u00e1s antiguas del ej\u00e9rcito nacional. En un trabajo coordinado con la Polic\u00eda Nacional, Fiscal\u00eda y CTI, el coronel Miguel Angel busca contribuir [&hellip;]<\/p>\n","protected":false},"author":3,"featured_media":16149,"comment_status":"open","ping_status":"open","sticky":false,"template":"","format":"video","meta":{"footnotes":""},"categories":[10],"tags":[],"class_list":["post-16148","post","type-post","status-publish","format-video","has-post-thumbnail","hentry","category-cnc-noticias-tulua","post_format-post-format-video"],"_links":{"self":[{"href":"https:\/\/cnctulua.tv\/index.php?rest_route=\/wp\/v2\/posts\/16148","targetHints":{"allow":["GET"]}}],"collection":[{"href":"https:\/\/cnctulua.tv\/index.php?rest_route=\/wp\/v2\/posts"}],"about":[{"href":"https:\/\/cnctulua.tv\/index.php?rest_route=\/wp\/v2\/types\/post"}],"author":[{"embeddable":true,"href":"https:\/\/cnctulua.tv\/index.php?rest_route=\/wp\/v2\/users\/3"}],"replies":[{"embeddable":true,"href":"https:\/\/cnctulua.tv\/index.php?rest_route=%2Fwp%2Fv2%2Fcomments&post=16148"}],"version-history":[{"count":1,"href":"https:\/\/cnctulua.tv\/index.php?rest_route=\/wp\/v2\/posts\/16148\/revisions"}],"predecessor-version":[{"id":16150,"href":"https:\/\/cnctulua.tv\/index.php?rest_route=\/wp\/v2\/posts\/16148\/revisions\/16150"}],"wp:featuredmedia":[{"embeddable":true,"href":"https:\/\/cnctulua.tv\/index.php?rest_route=\/wp\/v2\/media\/16149"}],"wp:attachment":[{"href":"https:\/\/cnctulua.tv\/index.php?rest_route=%2Fwp%2Fv2%2Fmedia&parent=16148"}],"wp:term":[{"taxonomy":"category","embeddable":true,"href":"https:\/\/cnctulua.tv\/index.php?rest_route=%2Fwp%2Fv2%2Fcategories&post=16148"},{"taxonomy":"post_tag","embeddable":true,"href":"https:\/\/cnctulua.tv\/index.php?rest_route=%2Fwp%2Fv2%2Ftags&post=16148"}],"curies":[{"name":"wp","href":"https:\/\/api.w.org\/{rel}","templated":true}]}}