{"id":16154,"date":"2024-03-14T19:31:18","date_gmt":"2024-03-14T19:31:18","guid":{"rendered":"https:\/\/cnctulua.tv\/?p=16154"},"modified":"2024-03-14T19:31:21","modified_gmt":"2024-03-14T19:31:21","slug":"avanza-la-conectividad-educativa-en-el-valle-del-cauca-mas-de-mil-sedes-escolares-con-acceso-a-internet","status":"publish","type":"post","link":"https:\/\/cnctulua.tv\/?p=16154","title":{"rendered":"AVANZA LA CONECTIVIDAD EDUCATIVA EN EL VALLE DEL CAUCA: M\u00c1S DE MIL SEDES ESCOLARES CON ACCESO A INTERNET."},"content":{"rendered":"\n<p>En un hito para la educaci\u00f3n en el Valle del Cauca, el Gobierno departamental ha anunciado un ambicioso proyecto para dotar de conectividad a internet a todas las instituciones educativas de los 34 municipios no certificados de la regi\u00f3n. Con un total de 1.120 sedes en el objetivo, este esfuerzo conjunto entre las secretar\u00edas de las TIC y Educaci\u00f3n promete transformar el panorama educativo en la zona.<\/p>\n\n\n\n<figure class=\"wp-block-embed is-type-video is-provider-youtube wp-block-embed-youtube wp-embed-aspect-16-9 wp-has-aspect-ratio\"><div class=\"wp-block-embed__wrapper\">\n<iframe loading=\"lazy\" title=\"Valle del Cauca da un paso gigante hacia la Educaci\u00f3n Digital: internet en todas las escuelas.\" width=\"640\" height=\"360\" src=\"https:\/\/www.youtube.com\/embed\/b03vkc50dbw?feature=oembed\" frameborder=\"0\" allow=\"accelerometer; autoplay; clipboard-write; encrypted-media; gyroscope; picture-in-picture; web-share\" referrerpolicy=\"strict-origin-when-cross-origin\" allowfullscreen><\/iframe>\n<\/div><\/figure>\n\n\n\n<p>Este a\u00f1o, se ha puesto en marcha la Red Educativa Digital Inteligente del Valle, REDIV, que ya cubre 565 sedes educativas. Seg\u00fan Gabriel Enrique Ferrer, secretario de TIC del Valle, esta iniciativa es parte de \u00abuna apuesta del Gobierno departamental en un trabajo articulado entre las secretar\u00edas de las TIC y Educaci\u00f3n\u00bb. Adem\u00e1s, Ferrer se\u00f1al\u00f3 que se est\u00e1n coordinando con la empresa privada Celsia para \u00abterminar de completar la totalidad de las sedes educativas de los municipios no certificados del departamento\u00bb.<\/p>\n\n\n\n<p>El compromiso con la conectividad educativa no se detiene aqu\u00ed. Ferrer destac\u00f3 que, adem\u00e1s de REDIV, las sedes educativas se est\u00e1n beneficiando con otros programas de conectividad a nivel nacional. Entre ellos, mencion\u00f3 el programa \u00abObras por impuesto\u00bb de Celsia, que est\u00e1 proporcionando dotaci\u00f3n de conectividad a 122 sedes; el programa de \u00abCentros Digitales\u00bb del Mintic, que llega a 147 sedes escolares; el programa de \u00abConectividad Escolar\u00bb del Ministerio de Educaci\u00f3n, beneficiando a 150 sedes, y \u00abPunto Vive Digital\u00bb, que est\u00e1 impactando a 18 sedes ubicadas en zonas educativas.<\/p>\n\n\n","protected":false},"excerpt":{"rendered":"<p>En un hito para la educaci\u00f3n en el Valle del Cauca, el Gobierno departamental ha anunciado un ambicioso proyecto para dotar de conectividad a internet a todas las instituciones educativas de los 34 municipios no certificados de la regi\u00f3n. Con un total de 1.120 sedes en el objetivo, este esfuerzo conjunto entre las secretar\u00edas de [&hellip;]<\/p>\n","protected":false},"author":3,"featured_media":16155,"comment_status":"open","ping_status":"open","sticky":false,"template":"","format":"video","meta":{"footnotes":""},"categories":[10],"tags":[],"class_list":["post-16154","post","type-post","status-publish","format-video","has-post-thumbnail","hentry","category-cnc-noticias-tulua","post_format-post-format-video"],"_links":{"self":[{"href":"https:\/\/cnctulua.tv\/index.php?rest_route=\/wp\/v2\/posts\/16154","targetHints":{"allow":["GET"]}}],"collection":[{"href":"https:\/\/cnctulua.tv\/index.php?rest_route=\/wp\/v2\/posts"}],"about":[{"href":"https:\/\/cnctulua.tv\/index.php?rest_route=\/wp\/v2\/types\/post"}],"author":[{"embeddable":true,"href":"https:\/\/cnctulua.tv\/index.php?rest_route=\/wp\/v2\/users\/3"}],"replies":[{"embeddable":true,"href":"https:\/\/cnctulua.tv\/index.php?rest_route=%2Fwp%2Fv2%2Fcomments&post=16154"}],"version-history":[{"count":1,"href":"https:\/\/cnctulua.tv\/index.php?rest_route=\/wp\/v2\/posts\/16154\/revisions"}],"predecessor-version":[{"id":16156,"href":"https:\/\/cnctulua.tv\/index.php?rest_route=\/wp\/v2\/posts\/16154\/revisions\/16156"}],"wp:featuredmedia":[{"embeddable":true,"href":"https:\/\/cnctulua.tv\/index.php?rest_route=\/wp\/v2\/media\/16155"}],"wp:attachment":[{"href":"https:\/\/cnctulua.tv\/index.php?rest_route=%2Fwp%2Fv2%2Fmedia&parent=16154"}],"wp:term":[{"taxonomy":"category","embeddable":true,"href":"https:\/\/cnctulua.tv\/index.php?rest_route=%2Fwp%2Fv2%2Fcategories&post=16154"},{"taxonomy":"post_tag","embeddable":true,"href":"https:\/\/cnctulua.tv\/index.php?rest_route=%2Fwp%2Fv2%2Ftags&post=16154"}],"curies":[{"name":"wp","href":"https:\/\/api.w.org\/{rel}","templated":true}]}}