{"id":16549,"date":"2024-03-22T17:51:14","date_gmt":"2024-03-22T17:51:14","guid":{"rendered":"https:\/\/cnctulua.tv\/?p=16549"},"modified":"2024-03-22T17:51:17","modified_gmt":"2024-03-22T17:51:17","slug":"la-policia-nacional-lanzo-en-el-valle-el-plan-de-seguridad-y-movilidad-semana-santa-en-familia-2024","status":"publish","type":"post","link":"https:\/\/cnctulua.tv\/?p=16549","title":{"rendered":"LA POLIC\u00cdA NACIONAL LANZ\u00d3 EN EL VALLE, EL PLAN DE SEGURIDAD Y MOVILIDAD SEMANA SANTA EN FAMILIA 2024."},"content":{"rendered":"\n<p>En anticipaci\u00f3n a las celebraciones de Semana Santa, el Segundo Distrito de Polic\u00eda de Tulu\u00e1 ha desplegado un exhaustivo plan para asegurar la seguridad y el bienestar de los residentes y visitantes durante esta festividad religiosa.<\/p>\n\n\n\n<p>\u00abEn el marco de la Semana Santa en familia, estamos comprometidos en garantizar la seguridad y convivencia de todos los ciudadanos que nos visitar\u00e1n aqu\u00ed en el centro del Valle durante la semana mayor\u00bb, afirm\u00f3 el Teniente Coronel Nicol\u00e1s Guillermo Su\u00e1rez Plata, Comandante del Segundo Distrito de Polic\u00eda de Tulu\u00e1.<\/p>\n\n\n\n<figure class=\"wp-block-embed is-type-video is-provider-youtube wp-block-embed-youtube wp-embed-aspect-16-9 wp-has-aspect-ratio\"><div class=\"wp-block-embed__wrapper\">\n<iframe loading=\"lazy\" title=\"Seguridad y Convivencia: garantizadas en Tulu\u00e1 durante la Semana Santa.\" width=\"640\" height=\"360\" src=\"https:\/\/www.youtube.com\/embed\/4mRLGQ9e8cw?feature=oembed\" frameborder=\"0\" allow=\"accelerometer; autoplay; clipboard-write; encrypted-media; gyroscope; picture-in-picture; web-share\" referrerpolicy=\"strict-origin-when-cross-origin\" allowfullscreen><\/iframe>\n<\/div><\/figure>\n\n\n\n<p>El plan incluye coordinaciones con l\u00edderes religiosos locales para \u00abconocer los horarios y lugares de las celebraciones eucar\u00edsticas\u00bb y desplegar un contingente de 450 hombres y mujeres de la Polic\u00eda Nacional para \u00abacompa\u00f1ar a los feligreses durante las festividades\u00bb, destac\u00f3 el Comandante Su\u00e1rez Plata.<\/p>\n\n\n\n<p>Adem\u00e1s, se ha planificado un \u00abacompa\u00f1amiento especial\u00bb para los peregrinos que realicen la tradicional caminata hacia Buga, asegurando un \u00abtrayecto seguro para todos los participantes\u00bb en colaboraci\u00f3n con otras estaciones de polic\u00eda de la regi\u00f3n.<\/p>\n\n\n\n<p>El personal policial estar\u00e1 presente en \u00ablos diferentes eventos y ceremonias religiosas\u00bb ajust\u00e1ndose a los horarios establecidos por las autoridades eclesi\u00e1sticas para garantizar la seguridad en todas las actividades.<\/p>\n\n\n\n<figure class=\"wp-block-image size-full\"><img loading=\"lazy\" decoding=\"async\" width=\"1010\" height=\"630\" src=\"https:\/\/cnctulua.tv\/wp-content\/uploads\/2024\/03\/suarez.png\" alt=\"\" class=\"wp-image-16551\" srcset=\"https:\/\/cnctulua.tv\/wp-content\/uploads\/2024\/03\/suarez.png 1010w, https:\/\/cnctulua.tv\/wp-content\/uploads\/2024\/03\/suarez-300x187.png 300w, https:\/\/cnctulua.tv\/wp-content\/uploads\/2024\/03\/suarez-768x479.png 768w\" sizes=\"auto, (max-width: 1010px) 100vw, 1010px\" \/><\/figure>\n\n\n\n<p>\u00abExtendemos una invitaci\u00f3n a todos los feligreses y visitantes para que disfruten de la Semana Mayor en un ambiente de paz y alegr\u00eda\u00bb, expres\u00f3 el Comandante Su\u00e1rez Plata, haciendo hincapi\u00e9 en la importancia de un \u00abuso responsable del consumo de bebidas alcoh\u00f3licas\u00bb para evitar cualquier situaci\u00f3n que ponga en riesgo la integridad f\u00edsica de las personas.<\/p>\n\n\n\n<p>Con este esfuerzo conjunto, las autoridades locales buscan asegurar que la Semana Santa en Tulu\u00e1 sea una experiencia segura y llena de significado para todos los participantes.<\/p>\n","protected":false},"excerpt":{"rendered":"<p>En anticipaci\u00f3n a las celebraciones de Semana Santa, el Segundo Distrito de Polic\u00eda de Tulu\u00e1 ha desplegado un exhaustivo plan para asegurar la seguridad y el bienestar de los residentes y visitantes durante esta festividad religiosa. \u00abEn el marco de la Semana Santa en familia, estamos comprometidos en garantizar la seguridad y convivencia de todos [&hellip;]<\/p>\n","protected":false},"author":3,"featured_media":16550,"comment_status":"open","ping_status":"open","sticky":false,"template":"","format":"video","meta":{"footnotes":""},"categories":[10],"tags":[],"class_list":["post-16549","post","type-post","status-publish","format-video","has-post-thumbnail","hentry","category-cnc-noticias-tulua","post_format-post-format-video"],"_links":{"self":[{"href":"https:\/\/cnctulua.tv\/index.php?rest_route=\/wp\/v2\/posts\/16549","targetHints":{"allow":["GET"]}}],"collection":[{"href":"https:\/\/cnctulua.tv\/index.php?rest_route=\/wp\/v2\/posts"}],"about":[{"href":"https:\/\/cnctulua.tv\/index.php?rest_route=\/wp\/v2\/types\/post"}],"author":[{"embeddable":true,"href":"https:\/\/cnctulua.tv\/index.php?rest_route=\/wp\/v2\/users\/3"}],"replies":[{"embeddable":true,"href":"https:\/\/cnctulua.tv\/index.php?rest_route=%2Fwp%2Fv2%2Fcomments&post=16549"}],"version-history":[{"count":1,"href":"https:\/\/cnctulua.tv\/index.php?rest_route=\/wp\/v2\/posts\/16549\/revisions"}],"predecessor-version":[{"id":16552,"href":"https:\/\/cnctulua.tv\/index.php?rest_route=\/wp\/v2\/posts\/16549\/revisions\/16552"}],"wp:featuredmedia":[{"embeddable":true,"href":"https:\/\/cnctulua.tv\/index.php?rest_route=\/wp\/v2\/media\/16550"}],"wp:attachment":[{"href":"https:\/\/cnctulua.tv\/index.php?rest_route=%2Fwp%2Fv2%2Fmedia&parent=16549"}],"wp:term":[{"taxonomy":"category","embeddable":true,"href":"https:\/\/cnctulua.tv\/index.php?rest_route=%2Fwp%2Fv2%2Fcategories&post=16549"},{"taxonomy":"post_tag","embeddable":true,"href":"https:\/\/cnctulua.tv\/index.php?rest_route=%2Fwp%2Fv2%2Ftags&post=16549"}],"curies":[{"name":"wp","href":"https:\/\/api.w.org\/{rel}","templated":true}]}}