{"id":16636,"date":"2024-03-26T16:13:27","date_gmt":"2024-03-26T16:13:27","guid":{"rendered":"https:\/\/cnctulua.tv\/?p=16636"},"modified":"2024-03-26T16:13:32","modified_gmt":"2024-03-26T16:13:32","slug":"parroquia-nuestra-senora-del-carmen-franciscanos-de-tulua-invita-a-la-participacion-de-las-actividades-de-la-semana-mayor","status":"publish","type":"post","link":"https:\/\/cnctulua.tv\/?p=16636","title":{"rendered":"PARROQUIA NUESTRA SE\u00d1ORA DEL CARMEN, FRANCISCANOS DE TULU\u00c1 INVITA A LA PARTICIPACI\u00d3N DE LAS ACTIVIDADES DE LA SEMANA MAYOR."},"content":{"rendered":"\n<p>El p\u00e1rroco de la Iglesia Nuestra Se\u00f1ora del Carmen, atendida por los Padres Franciscanos de Tulu\u00e1, Jos\u00e9 Fredy Escudero, invita a las actividades lit\u00fargicas que se llevar\u00e1n a cabo en la parroquia durante la Semana Mayor.<\/p>\n\n\n\n<figure class=\"wp-block-embed is-type-video is-provider-youtube wp-block-embed-youtube wp-embed-aspect-16-9 wp-has-aspect-ratio\"><div class=\"wp-block-embed__wrapper\">\n<iframe loading=\"lazy\" title=\"Semana Santa: iglesia Nuestra Se\u00f1ora del Carmen Franciscanos de Tulu\u00e1, conozca la programaci\u00f3n.\" width=\"640\" height=\"360\" src=\"https:\/\/www.youtube.com\/embed\/f8s_Ucm_PIQ?feature=oembed\" frameborder=\"0\" allow=\"accelerometer; autoplay; clipboard-write; encrypted-media; gyroscope; picture-in-picture; web-share\" referrerpolicy=\"strict-origin-when-cross-origin\" allowfullscreen><\/iframe>\n<\/div><\/figure>\n\n\n\n<p>La Semana Santa es una ocasi\u00f3n muy especial para los cat\u00f3licos, dedicada a la reflexi\u00f3n y la contemplaci\u00f3n de los misterios de Cristo, incluyendo su pasi\u00f3n, muerte y resurrecci\u00f3n.<\/p>\n\n\n\n<p>El Domingo de Ramos, se celebrar\u00e1 la entrada triunfal de Jes\u00fas a Jerusal\u00e9n con la bendici\u00f3n de los ramos frente al Hospital Departamental Tom\u00e1s Uribe Uribe. Posteriormente, se realizar\u00e1 una procesi\u00f3n hacia la parroquia, seguida de la Eucarist\u00eda a las 10:00 a.m.<\/p>\n\n\n\n<p>Durante el Lunes, Martes y Mi\u00e9rcoles Santo, se llevar\u00e1n a cabo las Eucarist\u00edas correspondientes al d\u00eda, y de manera especial, se ofrecer\u00e1 atenci\u00f3n para las confesiones a partir de las 4 de la tarde.<\/p>\n\n\n\n<p>El Jueves Santo, se realizar\u00e1 una eucarist\u00eda solemne a las 9 de la ma\u00f1ana, dirigida especialmente a los enfermos y aquellos que no puedan asistir por la tarde. Adem\u00e1s, en la tarde, a las 4, se llevar\u00e1 a cabo la ceremonia de la Cena del Se\u00f1or y el lavatorio de los pies. Posteriormente, se realizar\u00e1 la adoraci\u00f3n al Sant\u00edsimo, que se extender\u00e1 hasta las 10 de la noche, incluyendo la Hora Santa programada para las 7 de la noche.<\/p>\n\n\n\n<figure class=\"wp-block-image size-full\"><img loading=\"lazy\" decoding=\"async\" width=\"1005\" height=\"647\" src=\"https:\/\/cnctulua.tv\/wp-content\/uploads\/2024\/03\/FRNACISCANOS.png\" alt=\"\" class=\"wp-image-16637\" srcset=\"https:\/\/cnctulua.tv\/wp-content\/uploads\/2024\/03\/FRNACISCANOS.png 1005w, https:\/\/cnctulua.tv\/wp-content\/uploads\/2024\/03\/FRNACISCANOS-300x193.png 300w, https:\/\/cnctulua.tv\/wp-content\/uploads\/2024\/03\/FRNACISCANOS-768x494.png 768w\" sizes=\"auto, (max-width: 1005px) 100vw, 1005px\" \/><\/figure>\n\n\n\n<p>Se anima a todos los feligreses a participar en estas actividades lit\u00fargicas y a vivir profundamente el significado espiritual de la Semana Santa. El viernes es el d\u00eda que se contempla la pasi\u00f3n de la muerte de Jes\u00fas y se realizar\u00e1 el viacrucis a las 9 de la ma\u00f1ana saliendo de la parroquia de los franciscanos del municipio, a las 3 de la tarde es la liturgia de la pasi\u00f3n del se\u00f1or donde se hace adoraci\u00f3n a la santa cruz y una coleta para los lugares santos.<\/p>\n\n\n\n<p>A las 6 de la tarde se realizar\u00e1 el serm\u00f3n de las 7 palabras en procesi\u00f3n con el santo sepulcro y el templo estar\u00e1 abierto hasta las 10 de la noche.<\/p>\n\n\n\n<figure class=\"wp-block-image size-large\"><img loading=\"lazy\" decoding=\"async\" width=\"1024\" height=\"620\" src=\"https:\/\/cnctulua.tv\/wp-content\/uploads\/2024\/03\/FRANCISCANOS-2-1024x620.png\" alt=\"\" class=\"wp-image-16638\" srcset=\"https:\/\/cnctulua.tv\/wp-content\/uploads\/2024\/03\/FRANCISCANOS-2-1024x620.png 1024w, https:\/\/cnctulua.tv\/wp-content\/uploads\/2024\/03\/FRANCISCANOS-2-300x182.png 300w, https:\/\/cnctulua.tv\/wp-content\/uploads\/2024\/03\/FRANCISCANOS-2-768x465.png 768w, https:\/\/cnctulua.tv\/wp-content\/uploads\/2024\/03\/FRANCISCANOS-2.png 1068w\" sizes=\"auto, (max-width: 1024px) 100vw, 1024px\" \/><\/figure>\n\n\n\n<p>El s\u00e1bado es el d\u00eda del silencio, contemplando el silencio de Mar\u00eda y la preparaci\u00f3n para la noche santa en vigilia en procesi\u00f3n con la imagen de la dolorosa a partir de las 8 de la noche. EL domingo es la gran eucarist\u00eda solemne en conmemoraci\u00f3n de la resurrecci\u00f3n.<\/p>\n","protected":false},"excerpt":{"rendered":"<p>El p\u00e1rroco de la Iglesia Nuestra Se\u00f1ora del Carmen, atendida por los Padres Franciscanos de Tulu\u00e1, Jos\u00e9 Fredy Escudero, invita a las actividades lit\u00fargicas que se llevar\u00e1n a cabo en la parroquia durante la Semana Mayor. La Semana Santa es una ocasi\u00f3n muy especial para los cat\u00f3licos, dedicada a la reflexi\u00f3n y la contemplaci\u00f3n de [&hellip;]<\/p>\n","protected":false},"author":3,"featured_media":16639,"comment_status":"open","ping_status":"open","sticky":false,"template":"","format":"video","meta":{"footnotes":""},"categories":[10],"tags":[],"class_list":["post-16636","post","type-post","status-publish","format-video","has-post-thumbnail","hentry","category-cnc-noticias-tulua","post_format-post-format-video"],"_links":{"self":[{"href":"https:\/\/cnctulua.tv\/index.php?rest_route=\/wp\/v2\/posts\/16636","targetHints":{"allow":["GET"]}}],"collection":[{"href":"https:\/\/cnctulua.tv\/index.php?rest_route=\/wp\/v2\/posts"}],"about":[{"href":"https:\/\/cnctulua.tv\/index.php?rest_route=\/wp\/v2\/types\/post"}],"author":[{"embeddable":true,"href":"https:\/\/cnctulua.tv\/index.php?rest_route=\/wp\/v2\/users\/3"}],"replies":[{"embeddable":true,"href":"https:\/\/cnctulua.tv\/index.php?rest_route=%2Fwp%2Fv2%2Fcomments&post=16636"}],"version-history":[{"count":1,"href":"https:\/\/cnctulua.tv\/index.php?rest_route=\/wp\/v2\/posts\/16636\/revisions"}],"predecessor-version":[{"id":16640,"href":"https:\/\/cnctulua.tv\/index.php?rest_route=\/wp\/v2\/posts\/16636\/revisions\/16640"}],"wp:featuredmedia":[{"embeddable":true,"href":"https:\/\/cnctulua.tv\/index.php?rest_route=\/wp\/v2\/media\/16639"}],"wp:attachment":[{"href":"https:\/\/cnctulua.tv\/index.php?rest_route=%2Fwp%2Fv2%2Fmedia&parent=16636"}],"wp:term":[{"taxonomy":"category","embeddable":true,"href":"https:\/\/cnctulua.tv\/index.php?rest_route=%2Fwp%2Fv2%2Fcategories&post=16636"},{"taxonomy":"post_tag","embeddable":true,"href":"https:\/\/cnctulua.tv\/index.php?rest_route=%2Fwp%2Fv2%2Ftags&post=16636"}],"curies":[{"name":"wp","href":"https:\/\/api.w.org\/{rel}","templated":true}]}}