{"id":16663,"date":"2024-03-26T17:51:13","date_gmt":"2024-03-26T17:51:13","guid":{"rendered":"https:\/\/cnctulua.tv\/?p=16663"},"modified":"2024-03-26T17:51:16","modified_gmt":"2024-03-26T17:51:16","slug":"capturan-a-cabecilla-rey-en-el-valle-del-cauca","status":"publish","type":"post","link":"https:\/\/cnctulua.tv\/?p=16663","title":{"rendered":"CAPTURAN A CABECILLA &#8216;REY&#8217; EN EL VALLE DEL CAUCA."},"content":{"rendered":"\n<p>En una operaci\u00f3n coordinada entre las fuerzas de seguridad, las autoridades anunciaron la captura de alias &#8216;Rey&#8217;, destacado cabecilla de la estructura delictiva &#8216;Jaime Mart\u00ednez&#8217; en el Valle del Cauca. La gobernadora Dilian Francisca Toro destac\u00f3 el impacto de esta acci\u00f3n, se\u00f1alando que \u00abel Ej\u00e9rcito en la Operaci\u00f3n Cauca que se desarrolla el norte del Cauca y el sur del Valle, ha logrado esta captura que es muy importante de la \u2018Jaime Mart\u00ednez\u2019.<\/p>\n\n\n\n<figure class=\"wp-block-embed is-type-video is-provider-youtube wp-block-embed-youtube wp-embed-aspect-16-9 wp-has-aspect-ratio\"><div class=\"wp-block-embed__wrapper\">\n<iframe loading=\"lazy\" title=\"Golpe a la estructura criminal &#039;Jaime Mart\u00ednez&#039; con la captura de alias &#039;Rey&#039;\" width=\"640\" height=\"360\" src=\"https:\/\/www.youtube.com\/embed\/_m2_PrYH31Q?feature=oembed\" frameborder=\"0\" allow=\"accelerometer; autoplay; clipboard-write; encrypted-media; gyroscope; picture-in-picture; web-share\" referrerpolicy=\"strict-origin-when-cross-origin\" allowfullscreen><\/iframe>\n<\/div><\/figure>\n\n\n\n<p>Esta persona ha sido culpable del desplazamiento forzado de Jamund\u00ed, pero adem\u00e1s de la muerte de 16 infantes de marina cuando se tom\u00f3 en Dagua una base militar y quien adem\u00e1s estaba delinquiendo en el norte del Valle del Cauca con microtr\u00e1fico y narcotr\u00e1fico\u00bb.<\/p>\n\n\n\n<p>Las autoridades tambi\u00e9n informaron que alias &#8216;Rey&#8217; estuvo involucrado en el secuestro de diputados del Valle y Cauca, acumulando m\u00e1s de 30 a\u00f1os de actividad delictiva. El coronel Carlos Oviedo, comandante de la Polic\u00eda Metropolitana de Cali, resalt\u00f3 que \u00abesta es una captura muy importante, estamos trabajando de manera articulada con el Ej\u00e9rcito para garantizar la seguridad en el Valle del Cauca, el Cauca y de cale\u00f1os\u00bb.<\/p>\n\n\n\n\n\n<p>La captura de &#8216;Rey&#8217; representa un paso significativo en la lucha contra el crimen organizado en la regi\u00f3n. Esta acci\u00f3n se suma a los esfuerzos para recuperar el control territorial en \u00e1reas como Jamund\u00ed. La gobernadora Toro tambi\u00e9n solicit\u00f3 una investigaci\u00f3n sobre la construcci\u00f3n ilegal de una carretera que conecta al Naya en la salida al Pac\u00edfico, as\u00ed como el funcionamiento de estaciones de gasolina ilegales en la zona. \u00abLa Fiscal\u00eda est\u00e1 investigando y se le ha solicitado al Ministro de Defensa y al Ministerio de Minas para que no les vendan gasolina y se cierren\u00bb, enfatiz\u00f3 la mandataria regional.<\/p>\n","protected":false},"excerpt":{"rendered":"<p>En una operaci\u00f3n coordinada entre las fuerzas de seguridad, las autoridades anunciaron la captura de alias &#8216;Rey&#8217;, destacado cabecilla de la estructura delictiva &#8216;Jaime Mart\u00ednez&#8217; en el Valle del Cauca. La gobernadora Dilian Francisca Toro destac\u00f3 el impacto de esta acci\u00f3n, se\u00f1alando que \u00abel Ej\u00e9rcito en la Operaci\u00f3n Cauca que se desarrolla el norte del [&hellip;]<\/p>\n","protected":false},"author":3,"featured_media":16664,"comment_status":"open","ping_status":"open","sticky":false,"template":"","format":"video","meta":{"footnotes":""},"categories":[10],"tags":[],"class_list":["post-16663","post","type-post","status-publish","format-video","has-post-thumbnail","hentry","category-cnc-noticias-tulua","post_format-post-format-video"],"_links":{"self":[{"href":"https:\/\/cnctulua.tv\/index.php?rest_route=\/wp\/v2\/posts\/16663","targetHints":{"allow":["GET"]}}],"collection":[{"href":"https:\/\/cnctulua.tv\/index.php?rest_route=\/wp\/v2\/posts"}],"about":[{"href":"https:\/\/cnctulua.tv\/index.php?rest_route=\/wp\/v2\/types\/post"}],"author":[{"embeddable":true,"href":"https:\/\/cnctulua.tv\/index.php?rest_route=\/wp\/v2\/users\/3"}],"replies":[{"embeddable":true,"href":"https:\/\/cnctulua.tv\/index.php?rest_route=%2Fwp%2Fv2%2Fcomments&post=16663"}],"version-history":[{"count":1,"href":"https:\/\/cnctulua.tv\/index.php?rest_route=\/wp\/v2\/posts\/16663\/revisions"}],"predecessor-version":[{"id":16665,"href":"https:\/\/cnctulua.tv\/index.php?rest_route=\/wp\/v2\/posts\/16663\/revisions\/16665"}],"wp:featuredmedia":[{"embeddable":true,"href":"https:\/\/cnctulua.tv\/index.php?rest_route=\/wp\/v2\/media\/16664"}],"wp:attachment":[{"href":"https:\/\/cnctulua.tv\/index.php?rest_route=%2Fwp%2Fv2%2Fmedia&parent=16663"}],"wp:term":[{"taxonomy":"category","embeddable":true,"href":"https:\/\/cnctulua.tv\/index.php?rest_route=%2Fwp%2Fv2%2Fcategories&post=16663"},{"taxonomy":"post_tag","embeddable":true,"href":"https:\/\/cnctulua.tv\/index.php?rest_route=%2Fwp%2Fv2%2Ftags&post=16663"}],"curies":[{"name":"wp","href":"https:\/\/api.w.org\/{rel}","templated":true}]}}