{"id":16669,"date":"2024-03-26T18:12:47","date_gmt":"2024-03-26T18:12:47","guid":{"rendered":"https:\/\/cnctulua.tv\/?p=16669"},"modified":"2024-03-26T18:13:14","modified_gmt":"2024-03-26T18:13:14","slug":"armada-de-colombia-rescata-a-cuatro-hombres-tras-volcamiento-de-embarcacion-en-el-choco","status":"publish","type":"post","link":"https:\/\/cnctulua.tv\/?p=16669","title":{"rendered":"ARMADA DE COLOMBIA RESCATA A CUATRO HOMBRES TRAS VOLCAMIENTO DE EMBARCACI\u00d3N EN EL CHOC\u00d3."},"content":{"rendered":"\n<p>En una muestra de su compromiso con la seguridad mar\u00edtima y la protecci\u00f3n de los ciudadanos, la Armada de Colombia llev\u00f3 a cabo un operativo de rescate en el Pac\u00edfico colombiano. Cuatro pescadores fueron rescatados despu\u00e9s de enfrentar una emergencia en alta mar cerca del departamento del Choc\u00f3.<\/p>\n\n\n\n<figure class=\"wp-block-embed is-type-video is-provider-youtube wp-block-embed-youtube wp-embed-aspect-16-9 wp-has-aspect-ratio\"><div class=\"wp-block-embed__wrapper\">\n<iframe loading=\"lazy\" title=\"Armada de Colombia rescata a pescadores tras emergencia en el Pac\u00edfico\" width=\"640\" height=\"360\" src=\"https:\/\/www.youtube.com\/embed\/GahLHtuXl2E?feature=oembed\" frameborder=\"0\" allow=\"accelerometer; autoplay; clipboard-write; encrypted-media; gyroscope; picture-in-picture; web-share\" referrerpolicy=\"strict-origin-when-cross-origin\" allowfullscreen><\/iframe>\n<\/div><\/figure>\n\n\n\n<p>La situaci\u00f3n se desencaden\u00f3 cuando la embarcaci\u00f3n en la que se encontraban los pescadores volc\u00f3 durante una operaci\u00f3n de traslado de materiales. R\u00e1pidamente, unidades del Batall\u00f3n Fluvial de Infanter\u00eda de Marina No.22 se movilizaron hacia el lugar del incidente y lograron rescatar a los hombres, as\u00ed como recuperar la embarcaci\u00f3n y los materiales.<\/p>\n\n\n\n<p>Despu\u00e9s del rescate, los pescadores y la embarcaci\u00f3n fueron llevados al muelle principal de Pizarro &#8211; Bajo Baud\u00f3, donde recibieron asistencia t\u00e9cnica para reparar la embarcaci\u00f3n y reanudar sus actividades de pesca.<\/p>\n","protected":false},"excerpt":{"rendered":"<p>En una muestra de su compromiso con la seguridad mar\u00edtima y la protecci\u00f3n de los ciudadanos, la Armada de Colombia llev\u00f3 a cabo un operativo de rescate en el Pac\u00edfico colombiano. Cuatro pescadores fueron rescatados despu\u00e9s de enfrentar una emergencia en alta mar cerca del departamento del Choc\u00f3. La situaci\u00f3n se desencaden\u00f3 cuando la embarcaci\u00f3n [&hellip;]<\/p>\n","protected":false},"author":3,"featured_media":16670,"comment_status":"open","ping_status":"open","sticky":false,"template":"","format":"video","meta":{"footnotes":""},"categories":[10],"tags":[],"class_list":["post-16669","post","type-post","status-publish","format-video","has-post-thumbnail","hentry","category-cnc-noticias-tulua","post_format-post-format-video"],"_links":{"self":[{"href":"https:\/\/cnctulua.tv\/index.php?rest_route=\/wp\/v2\/posts\/16669","targetHints":{"allow":["GET"]}}],"collection":[{"href":"https:\/\/cnctulua.tv\/index.php?rest_route=\/wp\/v2\/posts"}],"about":[{"href":"https:\/\/cnctulua.tv\/index.php?rest_route=\/wp\/v2\/types\/post"}],"author":[{"embeddable":true,"href":"https:\/\/cnctulua.tv\/index.php?rest_route=\/wp\/v2\/users\/3"}],"replies":[{"embeddable":true,"href":"https:\/\/cnctulua.tv\/index.php?rest_route=%2Fwp%2Fv2%2Fcomments&post=16669"}],"version-history":[{"count":2,"href":"https:\/\/cnctulua.tv\/index.php?rest_route=\/wp\/v2\/posts\/16669\/revisions"}],"predecessor-version":[{"id":16672,"href":"https:\/\/cnctulua.tv\/index.php?rest_route=\/wp\/v2\/posts\/16669\/revisions\/16672"}],"wp:featuredmedia":[{"embeddable":true,"href":"https:\/\/cnctulua.tv\/index.php?rest_route=\/wp\/v2\/media\/16670"}],"wp:attachment":[{"href":"https:\/\/cnctulua.tv\/index.php?rest_route=%2Fwp%2Fv2%2Fmedia&parent=16669"}],"wp:term":[{"taxonomy":"category","embeddable":true,"href":"https:\/\/cnctulua.tv\/index.php?rest_route=%2Fwp%2Fv2%2Fcategories&post=16669"},{"taxonomy":"post_tag","embeddable":true,"href":"https:\/\/cnctulua.tv\/index.php?rest_route=%2Fwp%2Fv2%2Ftags&post=16669"}],"curies":[{"name":"wp","href":"https:\/\/api.w.org\/{rel}","templated":true}]}}