{"id":16673,"date":"2024-03-26T18:20:57","date_gmt":"2024-03-26T18:20:57","guid":{"rendered":"https:\/\/cnctulua.tv\/?p=16673"},"modified":"2024-03-26T18:21:00","modified_gmt":"2024-03-26T18:21:00","slug":"luz-adriana-camargo-garzon-asume-como-nueva-fiscal-general-de-la-nacion-compromiso-con-la-justicia-y-la-igualdad","status":"publish","type":"post","link":"https:\/\/cnctulua.tv\/?p=16673","title":{"rendered":"LUZ ADRIANA CAMARGO GARZ\u00d3N ASUME COMO NUEVA FISCAL GENERAL DE LA NACI\u00d3N: COMPROMISO CON LA JUSTICIA Y LA IGUALDAD."},"content":{"rendered":"\n<p>En un acto trascendental en la historia judicial de Colombia, Luz Adriana Camargo Garz\u00f3n ha tomado posesi\u00f3n como la nueva Fiscal General de la Naci\u00f3n, sucediendo a una destacada l\u00ednea de l\u00edderes en el campo de la justicia. Ante la presencia del presidente de la Rep\u00fablica, Gustavo Petro, Camargo asumi\u00f3 el cargo con un discurso enfocado en la independencia y la imparcialidad como pilares fundamentales de su gesti\u00f3n.<\/p>\n\n\n\n<p>Camargo, con una trayectoria profesional reconocida en el \u00e1mbito judicial, expres\u00f3 su compromiso renovado con la aplicaci\u00f3n de la ley en condiciones de igualdad. Destac\u00f3 la importancia de una colaboraci\u00f3n arm\u00f3nica entre los diferentes poderes del Estado para garantizar una justicia efectiva y equitativa para todos los colombianos.<\/p>\n\n\n\n<figure class=\"wp-block-embed is-type-video is-provider-youtube wp-block-embed-youtube wp-embed-aspect-16-9 wp-has-aspect-ratio\"><div class=\"wp-block-embed__wrapper\">\n<iframe loading=\"lazy\" title=\"Luz Adriana Camargo: Nueva Fiscal General de Colombia.\" width=\"640\" height=\"360\" src=\"https:\/\/www.youtube.com\/embed\/vzGIy5MdtrY?feature=oembed\" frameborder=\"0\" allow=\"accelerometer; autoplay; clipboard-write; encrypted-media; gyroscope; picture-in-picture; web-share\" referrerpolicy=\"strict-origin-when-cross-origin\" allowfullscreen><\/iframe>\n<\/div><\/figure>\n\n\n\n<p>En sus palabras, la nueva Fiscal General resalt\u00f3 su compromiso con la justicia \u00e9tnica, racial y de g\u00e9nero, as\u00ed como con los principios de diversidad, equidad e inclusi\u00f3n. Prometi\u00f3 trabajar incansablemente para asegurar que la justicia llegue a cada rinc\u00f3n del pa\u00eds, sin distinci\u00f3n alguna.<\/p>\n\n\n\n<p>\u00abAsumo esta responsabilidad como una oportunidad para transformar positivamente la vida de millones de compatriotas que se ven afectados por la violencia, la criminalidad y la impunidad\u00bb, afirm\u00f3 Camargo, subrayando la importancia de su labor en la b\u00fasqueda de un pa\u00eds m\u00e1s justo y seguro para todos.<\/p>\n\n\n\n<figure class=\"wp-block-image size-large\"><img loading=\"lazy\" decoding=\"async\" width=\"1024\" height=\"682\" src=\"https:\/\/cnctulua.tv\/wp-content\/uploads\/2024\/03\/WhatsApp-Image-2024-03-22-at-10.22.45-PM-1024x682.webp\" alt=\"\" class=\"wp-image-16674\" srcset=\"https:\/\/cnctulua.tv\/wp-content\/uploads\/2024\/03\/WhatsApp-Image-2024-03-22-at-10.22.45-PM-1024x682.webp 1024w, https:\/\/cnctulua.tv\/wp-content\/uploads\/2024\/03\/WhatsApp-Image-2024-03-22-at-10.22.45-PM-300x200.webp 300w, https:\/\/cnctulua.tv\/wp-content\/uploads\/2024\/03\/WhatsApp-Image-2024-03-22-at-10.22.45-PM-768x512.webp 768w, https:\/\/cnctulua.tv\/wp-content\/uploads\/2024\/03\/WhatsApp-Image-2024-03-22-at-10.22.45-PM-jpeg.webp 1280w\" sizes=\"auto, (max-width: 1024px) 100vw, 1024px\" \/><\/figure>\n\n\n\n<p>Con una visi\u00f3n clara y un compromiso inquebrantable, Luz Adriana Camargo Garz\u00f3n se erige como una figura clave en la lucha por una justicia m\u00e1s equitativa y accesible para todos los colombianos. Su liderazgo promete marcar un nuevo rumbo en el sistema judicial del pa\u00eds, con un enfoque centrado en el bienestar y la protecci\u00f3n de los derechos de la ciudadan\u00eda.<\/p>\n","protected":false},"excerpt":{"rendered":"<p>En un acto trascendental en la historia judicial de Colombia, Luz Adriana Camargo Garz\u00f3n ha tomado posesi\u00f3n como la nueva Fiscal General de la Naci\u00f3n, sucediendo a una destacada l\u00ednea de l\u00edderes en el campo de la justicia. Ante la presencia del presidente de la Rep\u00fablica, Gustavo Petro, Camargo asumi\u00f3 el cargo con un discurso [&hellip;]<\/p>\n","protected":false},"author":3,"featured_media":16675,"comment_status":"open","ping_status":"open","sticky":false,"template":"","format":"video","meta":{"footnotes":""},"categories":[10],"tags":[],"class_list":["post-16673","post","type-post","status-publish","format-video","has-post-thumbnail","hentry","category-cnc-noticias-tulua","post_format-post-format-video"],"_links":{"self":[{"href":"https:\/\/cnctulua.tv\/index.php?rest_route=\/wp\/v2\/posts\/16673","targetHints":{"allow":["GET"]}}],"collection":[{"href":"https:\/\/cnctulua.tv\/index.php?rest_route=\/wp\/v2\/posts"}],"about":[{"href":"https:\/\/cnctulua.tv\/index.php?rest_route=\/wp\/v2\/types\/post"}],"author":[{"embeddable":true,"href":"https:\/\/cnctulua.tv\/index.php?rest_route=\/wp\/v2\/users\/3"}],"replies":[{"embeddable":true,"href":"https:\/\/cnctulua.tv\/index.php?rest_route=%2Fwp%2Fv2%2Fcomments&post=16673"}],"version-history":[{"count":1,"href":"https:\/\/cnctulua.tv\/index.php?rest_route=\/wp\/v2\/posts\/16673\/revisions"}],"predecessor-version":[{"id":16676,"href":"https:\/\/cnctulua.tv\/index.php?rest_route=\/wp\/v2\/posts\/16673\/revisions\/16676"}],"wp:featuredmedia":[{"embeddable":true,"href":"https:\/\/cnctulua.tv\/index.php?rest_route=\/wp\/v2\/media\/16675"}],"wp:attachment":[{"href":"https:\/\/cnctulua.tv\/index.php?rest_route=%2Fwp%2Fv2%2Fmedia&parent=16673"}],"wp:term":[{"taxonomy":"category","embeddable":true,"href":"https:\/\/cnctulua.tv\/index.php?rest_route=%2Fwp%2Fv2%2Fcategories&post=16673"},{"taxonomy":"post_tag","embeddable":true,"href":"https:\/\/cnctulua.tv\/index.php?rest_route=%2Fwp%2Fv2%2Ftags&post=16673"}],"curies":[{"name":"wp","href":"https:\/\/api.w.org\/{rel}","templated":true}]}}