{"id":16686,"date":"2024-03-26T19:32:21","date_gmt":"2024-03-26T19:32:21","guid":{"rendered":"https:\/\/cnctulua.tv\/?p=16686"},"modified":"2024-03-26T19:32:34","modified_gmt":"2024-03-26T19:32:34","slug":"operacion-conjunta-desmantela-red-de-extorsion-en-valle-del-cauca","status":"publish","type":"post","link":"https:\/\/cnctulua.tv\/?p=16686","title":{"rendered":"OPERACI\u00d3N CONJUNTA DESMANTELA RED DE EXTORSI\u00d3N EN VALLE DEL CAUCA."},"content":{"rendered":"\n<p>En una acci\u00f3n coordinada entre el Departamento de Polic\u00eda del Valle del Cauca, la Seccional de Investigaci\u00f3n Criminal (SIJIN) y la Fiscal\u00eda General de la Naci\u00f3n, se logr\u00f3 desmantelar una peligrosa red de extorsi\u00f3n en la regi\u00f3n.<\/p>\n\n\n\n<p>Durante meses de arduo trabajo de inteligencia y seguimiento, las autoridades lograron identificar y ubicar a los miembros clave de esta organizaci\u00f3n criminal que sembraba terror en el municipio de Florida y sus alrededores.<\/p>\n\n\n\n<figure class=\"wp-block-embed is-type-video is-provider-youtube wp-block-embed-youtube wp-embed-aspect-16-9 wp-has-aspect-ratio\"><div class=\"wp-block-embed__wrapper\">\n<iframe loading=\"lazy\" title=\"Desarticulan redes del narcotr\u00e1fico en la capital Vallecaucana.\" width=\"640\" height=\"360\" src=\"https:\/\/www.youtube.com\/embed\/EAKZpfblxNw?feature=oembed\" frameborder=\"0\" allow=\"accelerometer; autoplay; clipboard-write; encrypted-media; gyroscope; picture-in-picture; web-share\" referrerpolicy=\"strict-origin-when-cross-origin\" allowfullscreen><\/iframe>\n<\/div><\/figure>\n\n\n\n<p>La operaci\u00f3n culmin\u00f3 con la captura de varios individuos, entre ellos, uno de los presuntos cabecillas financieros de la disidencia (EMC CM) de las extintas FARC, conocido con el alias \u00abDavid\u00bb. Este sujeto, de 30 a\u00f1os, es se\u00f1alado como responsable de dirigir el recaudo de dinero producto de extorsiones a comerciantes y hacendados, as\u00ed como del lavado de dinero il\u00edcito en ciudades como Cali y Bogot\u00e1.<\/p>\n\n\n\n<figure class=\"wp-block-image size-large\"><img loading=\"lazy\" decoding=\"async\" width=\"1024\" height=\"575\" src=\"https:\/\/cnctulua.tv\/wp-content\/uploads\/2024\/03\/WhatsApp-Image-2024-03-26-at-7.30.35-AM-1-1024x575.webp\" alt=\"\" class=\"wp-image-16688\" srcset=\"https:\/\/cnctulua.tv\/wp-content\/uploads\/2024\/03\/WhatsApp-Image-2024-03-26-at-7.30.35-AM-1-1024x575.webp 1024w, https:\/\/cnctulua.tv\/wp-content\/uploads\/2024\/03\/WhatsApp-Image-2024-03-26-at-7.30.35-AM-1-300x168.webp 300w, https:\/\/cnctulua.tv\/wp-content\/uploads\/2024\/03\/WhatsApp-Image-2024-03-26-at-7.30.35-AM-1-768x431.webp 768w, https:\/\/cnctulua.tv\/wp-content\/uploads\/2024\/03\/WhatsApp-Image-2024-03-26-at-7.30.35-AM-1-1536x862.webp 1536w, https:\/\/cnctulua.tv\/wp-content\/uploads\/2024\/03\/WhatsApp-Image-2024-03-26-at-7.30.35-AM-1-2048x1150.webp 2048w, https:\/\/cnctulua.tv\/wp-content\/uploads\/2024\/03\/WhatsApp-Image-2024-03-26-at-7.30.35-AM-1-scaled.webp 1920w\" sizes=\"auto, (max-width: 1024px) 100vw, 1024px\" \/><\/figure>\n\n\n\n<p>Seg\u00fan fuentes oficiales, alias \u00abDavid\u00bb manten\u00eda una trayectoria criminal de once a\u00f1os y estaba presuntamente vinculado a m\u00faltiples homicidios de l\u00edderes sociales y acciones terroristas en la regi\u00f3n. Su captura representa un golpe significativo para las estructuras delictivas en el Valle del Cauca y una victoria para las fuerzas de seguridad del pa\u00eds en su lucha contra el crimen organizado.<\/p>\n\n\n\n<figure class=\"wp-block-image size-large\"><img loading=\"lazy\" decoding=\"async\" width=\"1024\" height=\"575\" src=\"https:\/\/cnctulua.tv\/wp-content\/uploads\/2024\/03\/WhatsApp-Image-2024-03-26-at-7.30.35-AM-1024x575.webp\" alt=\"\" class=\"wp-image-16687\" srcset=\"https:\/\/cnctulua.tv\/wp-content\/uploads\/2024\/03\/WhatsApp-Image-2024-03-26-at-7.30.35-AM-1024x575.webp 1024w, https:\/\/cnctulua.tv\/wp-content\/uploads\/2024\/03\/WhatsApp-Image-2024-03-26-at-7.30.35-AM-300x168.webp 300w, https:\/\/cnctulua.tv\/wp-content\/uploads\/2024\/03\/WhatsApp-Image-2024-03-26-at-7.30.35-AM-768x431.webp 768w, https:\/\/cnctulua.tv\/wp-content\/uploads\/2024\/03\/WhatsApp-Image-2024-03-26-at-7.30.35-AM-1536x862.webp 1536w, https:\/\/cnctulua.tv\/wp-content\/uploads\/2024\/03\/WhatsApp-Image-2024-03-26-at-7.30.35-AM-2048x1150.webp 2048w, https:\/\/cnctulua.tv\/wp-content\/uploads\/2024\/03\/WhatsApp-Image-2024-03-26-at-7.30.35-AM-scaled.webp 1920w\" sizes=\"auto, (max-width: 1024px) 100vw, 1024px\" \/><\/figure>\n\n\n\n<p>Los detenidos fueron presentados ante las autoridades competentes, donde se les imputaron cargos y se dictaron medidas de aseguramiento en centros carcelarios. Esta exitosa operaci\u00f3n demuestra el compromiso de las instituciones en la protecci\u00f3n de la ciudadan\u00eda y el fortalecimiento del estado de derecho en Colombia.<\/p>\n\n\n\n<figure class=\"wp-block-image size-large\"><img loading=\"lazy\" decoding=\"async\" width=\"1024\" height=\"683\" src=\"https:\/\/cnctulua.tv\/wp-content\/uploads\/2024\/03\/WhatsApp-Image-2024-03-26-at-7.31.01-AM-1-1024x683.webp\" alt=\"\" class=\"wp-image-16689\" srcset=\"https:\/\/cnctulua.tv\/wp-content\/uploads\/2024\/03\/WhatsApp-Image-2024-03-26-at-7.31.01-AM-1-1024x683.webp 1024w, https:\/\/cnctulua.tv\/wp-content\/uploads\/2024\/03\/WhatsApp-Image-2024-03-26-at-7.31.01-AM-1-300x200.webp 300w, https:\/\/cnctulua.tv\/wp-content\/uploads\/2024\/03\/WhatsApp-Image-2024-03-26-at-7.31.01-AM-1-768x512.webp 768w, https:\/\/cnctulua.tv\/wp-content\/uploads\/2024\/03\/WhatsApp-Image-2024-03-26-at-7.31.01-AM-1-1536x1024.webp 1536w, https:\/\/cnctulua.tv\/wp-content\/uploads\/2024\/03\/WhatsApp-Image-2024-03-26-at-7.31.01-AM-1-2048x1365.webp 2048w, https:\/\/cnctulua.tv\/wp-content\/uploads\/2024\/03\/WhatsApp-Image-2024-03-26-at-7.31.01-AM-1-scaled.webp 1620w\" sizes=\"auto, (max-width: 1024px) 100vw, 1024px\" \/><\/figure>\n","protected":false},"excerpt":{"rendered":"<p>En una acci\u00f3n coordinada entre el Departamento de Polic\u00eda del Valle del Cauca, la Seccional de Investigaci\u00f3n Criminal (SIJIN) y la Fiscal\u00eda General de la Naci\u00f3n, se logr\u00f3 desmantelar una peligrosa red de extorsi\u00f3n en la regi\u00f3n. Durante meses de arduo trabajo de inteligencia y seguimiento, las autoridades lograron identificar y ubicar a los miembros [&hellip;]<\/p>\n","protected":false},"author":3,"featured_media":16690,"comment_status":"open","ping_status":"open","sticky":false,"template":"","format":"video","meta":{"footnotes":""},"categories":[10,1],"tags":[],"class_list":["post-16686","post","type-post","status-publish","format-video","has-post-thumbnail","hentry","category-cnc-noticias-tulua","category-uncategorized","post_format-post-format-video"],"_links":{"self":[{"href":"https:\/\/cnctulua.tv\/index.php?rest_route=\/wp\/v2\/posts\/16686","targetHints":{"allow":["GET"]}}],"collection":[{"href":"https:\/\/cnctulua.tv\/index.php?rest_route=\/wp\/v2\/posts"}],"about":[{"href":"https:\/\/cnctulua.tv\/index.php?rest_route=\/wp\/v2\/types\/post"}],"author":[{"embeddable":true,"href":"https:\/\/cnctulua.tv\/index.php?rest_route=\/wp\/v2\/users\/3"}],"replies":[{"embeddable":true,"href":"https:\/\/cnctulua.tv\/index.php?rest_route=%2Fwp%2Fv2%2Fcomments&post=16686"}],"version-history":[{"count":1,"href":"https:\/\/cnctulua.tv\/index.php?rest_route=\/wp\/v2\/posts\/16686\/revisions"}],"predecessor-version":[{"id":16691,"href":"https:\/\/cnctulua.tv\/index.php?rest_route=\/wp\/v2\/posts\/16686\/revisions\/16691"}],"wp:featuredmedia":[{"embeddable":true,"href":"https:\/\/cnctulua.tv\/index.php?rest_route=\/wp\/v2\/media\/16690"}],"wp:attachment":[{"href":"https:\/\/cnctulua.tv\/index.php?rest_route=%2Fwp%2Fv2%2Fmedia&parent=16686"}],"wp:term":[{"taxonomy":"category","embeddable":true,"href":"https:\/\/cnctulua.tv\/index.php?rest_route=%2Fwp%2Fv2%2Fcategories&post=16686"},{"taxonomy":"post_tag","embeddable":true,"href":"https:\/\/cnctulua.tv\/index.php?rest_route=%2Fwp%2Fv2%2Ftags&post=16686"}],"curies":[{"name":"wp","href":"https:\/\/api.w.org\/{rel}","templated":true}]}}