{"id":16695,"date":"2024-03-26T20:11:26","date_gmt":"2024-03-26T20:11:26","guid":{"rendered":"https:\/\/cnctulua.tv\/?p=16695"},"modified":"2024-03-26T20:11:33","modified_gmt":"2024-03-26T20:11:33","slug":"autoridades-aplican-extincion-de-dominio-a-propiedades-del-grupo-delincuencial-comun-organizado-en-tulua","status":"publish","type":"post","link":"https:\/\/cnctulua.tv\/?p=16695","title":{"rendered":"AUTORIDADES APLICAN EXTINCI\u00d3N DE DOMINIO A PROPIEDADES DEL GRUPO DELINCUENCIAL COM\u00daN ORGANIZADO EN TULU\u00c1."},"content":{"rendered":"\n<p>En un operativo conjunto llevado a cabo por la Seccional de Investigaci\u00f3n Criminal (SIJIN) del Departamento de Polic\u00eda Valle, la Fiscal\u00eda General de la Naci\u00f3n y la Sociedad de Activos Especiales (SAE), desarticulo una red delictiva, dedicada al tr\u00e1fico de estupefacientes y armas de fuego.<\/p>\n\n\n\n<figure class=\"wp-block-embed is-type-video is-provider-youtube wp-block-embed-youtube wp-embed-aspect-16-9 wp-has-aspect-ratio\"><div class=\"wp-block-embed__wrapper\">\n<iframe loading=\"lazy\" title=\"Desarticulan red criminal en Tulu\u00e1.\" width=\"640\" height=\"360\" src=\"https:\/\/www.youtube.com\/embed\/pLS3nGidIh8?feature=oembed\" frameborder=\"0\" allow=\"accelerometer; autoplay; clipboard-write; encrypted-media; gyroscope; picture-in-picture; web-share\" referrerpolicy=\"strict-origin-when-cross-origin\" allowfullscreen><\/iframe>\n<\/div><\/figure>\n\n\n\n<p>En las \u00faltimas horas, las autoridades ocuparon con fines de extinci\u00f3n del derecho de dominio cuatro inmuebles de uso habitacional ubicados en Tulu\u00e1 y Riofrio-Valle del Cauca, as\u00ed como dos bienes muebles en el municipio de Yumbo y dos muebles con suspensi\u00f3n del poder dispositivo. Estos activos, seg\u00fan las investigaciones, eran utilizados por el grupo criminal para la comercializaci\u00f3n de sustancias estupefacientes y almacenamiento de armas de fuego.<\/p>\n\n\n\n<figure class=\"wp-block-image size-large\"><img loading=\"lazy\" decoding=\"async\" width=\"1024\" height=\"465\" src=\"https:\/\/cnctulua.tv\/wp-content\/uploads\/2024\/03\/extincion-de-de-2-1024x465.png\" alt=\"\" class=\"wp-image-16696\" srcset=\"https:\/\/cnctulua.tv\/wp-content\/uploads\/2024\/03\/extincion-de-de-2-1024x465.png 1024w, https:\/\/cnctulua.tv\/wp-content\/uploads\/2024\/03\/extincion-de-de-2-300x136.png 300w, https:\/\/cnctulua.tv\/wp-content\/uploads\/2024\/03\/extincion-de-de-2-768x349.png 768w, https:\/\/cnctulua.tv\/wp-content\/uploads\/2024\/03\/extincion-de-de-2.png 1143w\" sizes=\"auto, (max-width: 1024px) 100vw, 1024px\" \/><\/figure>\n\n\n\n<p>El Comandante de la Polic\u00eda, Coronel Giovanni Cristancho, destac\u00f3 la importancia de esta acci\u00f3n en el marco del \u00abPlan 90 d\u00edas contra el Homicidio\u00bb, destinado a debilitar las finanzas criminales y el patrimonio il\u00edcito de la delincuencia organizada. Seg\u00fan Cristancho, el valor preliminar de los bienes ocupados podr\u00eda superar los $1.868 millones de pesos.<\/p>\n\n\n\n<p>Las autoridades informaron que durante el desarrollo de las investigaciones se pudo establecer que uno de los predios ubicados en Tulu\u00e1 fue escenario de dos homicidios, ocurridos en los a\u00f1os 2011 y 2021, respectivamente. Seg\u00fan las pesquisas, las v\u00edctimas eran los propietarios del mencionado inmueble.<\/p>\n\n\n\n<figure class=\"wp-block-image size-large\"><img loading=\"lazy\" decoding=\"async\" width=\"1024\" height=\"497\" src=\"https:\/\/cnctulua.tv\/wp-content\/uploads\/2024\/03\/extincion-de-d-1024x497.png\" alt=\"\" class=\"wp-image-16697\" srcset=\"https:\/\/cnctulua.tv\/wp-content\/uploads\/2024\/03\/extincion-de-d-1024x497.png 1024w, https:\/\/cnctulua.tv\/wp-content\/uploads\/2024\/03\/extincion-de-d-300x146.png 300w, https:\/\/cnctulua.tv\/wp-content\/uploads\/2024\/03\/extincion-de-d-768x373.png 768w, https:\/\/cnctulua.tv\/wp-content\/uploads\/2024\/03\/extincion-de-d.png 1094w\" sizes=\"auto, (max-width: 1024px) 100vw, 1024px\" \/><\/figure>\n","protected":false},"excerpt":{"rendered":"<p>En un operativo conjunto llevado a cabo por la Seccional de Investigaci\u00f3n Criminal (SIJIN) del Departamento de Polic\u00eda Valle, la Fiscal\u00eda General de la Naci\u00f3n y la Sociedad de Activos Especiales (SAE), desarticulo una red delictiva, dedicada al tr\u00e1fico de estupefacientes y armas de fuego. En las \u00faltimas horas, las autoridades ocuparon con fines de [&hellip;]<\/p>\n","protected":false},"author":3,"featured_media":16698,"comment_status":"open","ping_status":"open","sticky":false,"template":"","format":"video","meta":{"footnotes":""},"categories":[10],"tags":[],"class_list":["post-16695","post","type-post","status-publish","format-video","has-post-thumbnail","hentry","category-cnc-noticias-tulua","post_format-post-format-video"],"_links":{"self":[{"href":"https:\/\/cnctulua.tv\/index.php?rest_route=\/wp\/v2\/posts\/16695","targetHints":{"allow":["GET"]}}],"collection":[{"href":"https:\/\/cnctulua.tv\/index.php?rest_route=\/wp\/v2\/posts"}],"about":[{"href":"https:\/\/cnctulua.tv\/index.php?rest_route=\/wp\/v2\/types\/post"}],"author":[{"embeddable":true,"href":"https:\/\/cnctulua.tv\/index.php?rest_route=\/wp\/v2\/users\/3"}],"replies":[{"embeddable":true,"href":"https:\/\/cnctulua.tv\/index.php?rest_route=%2Fwp%2Fv2%2Fcomments&post=16695"}],"version-history":[{"count":1,"href":"https:\/\/cnctulua.tv\/index.php?rest_route=\/wp\/v2\/posts\/16695\/revisions"}],"predecessor-version":[{"id":16699,"href":"https:\/\/cnctulua.tv\/index.php?rest_route=\/wp\/v2\/posts\/16695\/revisions\/16699"}],"wp:featuredmedia":[{"embeddable":true,"href":"https:\/\/cnctulua.tv\/index.php?rest_route=\/wp\/v2\/media\/16698"}],"wp:attachment":[{"href":"https:\/\/cnctulua.tv\/index.php?rest_route=%2Fwp%2Fv2%2Fmedia&parent=16695"}],"wp:term":[{"taxonomy":"category","embeddable":true,"href":"https:\/\/cnctulua.tv\/index.php?rest_route=%2Fwp%2Fv2%2Fcategories&post=16695"},{"taxonomy":"post_tag","embeddable":true,"href":"https:\/\/cnctulua.tv\/index.php?rest_route=%2Fwp%2Fv2%2Ftags&post=16695"}],"curies":[{"name":"wp","href":"https:\/\/api.w.org\/{rel}","templated":true}]}}