{"id":16721,"date":"2024-03-26T21:33:00","date_gmt":"2024-03-26T21:33:00","guid":{"rendered":"https:\/\/cnctulua.tv\/?p=16721"},"modified":"2024-03-26T21:33:03","modified_gmt":"2024-03-26T21:33:03","slug":"grupo-de-guardacostas-del-pacifico-verifica-el-despliegue-de-seguridad-del-plan-acorazado-en-temporada-turistica-de-b-ventura","status":"publish","type":"post","link":"https:\/\/cnctulua.tv\/?p=16721","title":{"rendered":"GRUPO DE GUARDACOSTAS DEL PAC\u00cdFICO VERIFICA EL DESPLIEGUE DE SEGURIDAD DEL PLAN ACORAZADO EN TEMPORADA TUR\u00cdSTICA DE B\/VENTURA."},"content":{"rendered":"\n<p>El Capit\u00e1n de Nav\u00edo Wilber Roa, Comandante del Grupo de Guardacostas del Pac\u00edfico, enfatiz\u00f3 en la realizaci\u00f3n del sobrevuelo sobre la costa pac\u00edfica colombiana, en la bah\u00eda de Buenaventura con el fin de verificar el despliegue del dispositivo de seguridad tur\u00edstico que se ha hecho dentro del marco del plan acorazado.<\/p>\n\n\n\n<figure class=\"wp-block-embed is-type-video is-provider-youtube wp-block-embed-youtube wp-embed-aspect-16-9 wp-has-aspect-ratio\"><div class=\"wp-block-embed__wrapper\">\n<iframe loading=\"lazy\" title=\"Despliegue de seguridad en el Distrito de Buenaventura para temporada tur\u00edstica de la semana mayor.\" width=\"640\" height=\"360\" src=\"https:\/\/www.youtube.com\/embed\/dQBxUyBjf-w?feature=oembed\" frameborder=\"0\" allow=\"accelerometer; autoplay; clipboard-write; encrypted-media; gyroscope; picture-in-picture; web-share\" referrerpolicy=\"strict-origin-when-cross-origin\" allowfullscreen><\/iframe>\n<\/div><\/figure>\n\n\n\n<p>Adem\u00e1s, se realiz\u00f3 la visita a unidades de reacci\u00f3n rapida y el grupo de infanter\u00eda marina que est\u00e1 desplegada en el territorio. Se utiliz\u00f3 los medios aeronavales con el objetivo de verificar y garantizar la seguridad en la temporada tur\u00edstica de la semana mayor en el territorio.<\/p>\n\n\n\n<p>Por su parte, el comandante del grupo de guardacostas del pacifico insta a los ciudadanos y turistas a cumplir con la normatividad y seguridad que se imponga en el uso de las embarcaciones.<\/p>\n","protected":false},"excerpt":{"rendered":"<p>El Capit\u00e1n de Nav\u00edo Wilber Roa, Comandante del Grupo de Guardacostas del Pac\u00edfico, enfatiz\u00f3 en la realizaci\u00f3n del sobrevuelo sobre la costa pac\u00edfica colombiana, en la bah\u00eda de Buenaventura con el fin de verificar el despliegue del dispositivo de seguridad tur\u00edstico que se ha hecho dentro del marco del plan acorazado. Adem\u00e1s, se realiz\u00f3 la [&hellip;]<\/p>\n","protected":false},"author":3,"featured_media":16722,"comment_status":"open","ping_status":"open","sticky":false,"template":"","format":"video","meta":{"footnotes":""},"categories":[10],"tags":[],"class_list":["post-16721","post","type-post","status-publish","format-video","has-post-thumbnail","hentry","category-cnc-noticias-tulua","post_format-post-format-video"],"_links":{"self":[{"href":"https:\/\/cnctulua.tv\/index.php?rest_route=\/wp\/v2\/posts\/16721","targetHints":{"allow":["GET"]}}],"collection":[{"href":"https:\/\/cnctulua.tv\/index.php?rest_route=\/wp\/v2\/posts"}],"about":[{"href":"https:\/\/cnctulua.tv\/index.php?rest_route=\/wp\/v2\/types\/post"}],"author":[{"embeddable":true,"href":"https:\/\/cnctulua.tv\/index.php?rest_route=\/wp\/v2\/users\/3"}],"replies":[{"embeddable":true,"href":"https:\/\/cnctulua.tv\/index.php?rest_route=%2Fwp%2Fv2%2Fcomments&post=16721"}],"version-history":[{"count":1,"href":"https:\/\/cnctulua.tv\/index.php?rest_route=\/wp\/v2\/posts\/16721\/revisions"}],"predecessor-version":[{"id":16723,"href":"https:\/\/cnctulua.tv\/index.php?rest_route=\/wp\/v2\/posts\/16721\/revisions\/16723"}],"wp:featuredmedia":[{"embeddable":true,"href":"https:\/\/cnctulua.tv\/index.php?rest_route=\/wp\/v2\/media\/16722"}],"wp:attachment":[{"href":"https:\/\/cnctulua.tv\/index.php?rest_route=%2Fwp%2Fv2%2Fmedia&parent=16721"}],"wp:term":[{"taxonomy":"category","embeddable":true,"href":"https:\/\/cnctulua.tv\/index.php?rest_route=%2Fwp%2Fv2%2Fcategories&post=16721"},{"taxonomy":"post_tag","embeddable":true,"href":"https:\/\/cnctulua.tv\/index.php?rest_route=%2Fwp%2Fv2%2Ftags&post=16721"}],"curies":[{"name":"wp","href":"https:\/\/api.w.org\/{rel}","templated":true}]}}