{"id":16736,"date":"2024-03-26T22:22:35","date_gmt":"2024-03-26T22:22:35","guid":{"rendered":"https:\/\/cnctulua.tv\/?p=16736"},"modified":"2024-03-26T22:22:39","modified_gmt":"2024-03-26T22:22:39","slug":"capturado-alias-alex-presunto-integrante-del-grupos-armados-organizados-residuales-gaor","status":"publish","type":"post","link":"https:\/\/cnctulua.tv\/?p=16736","title":{"rendered":"CAPTURADO \u201cALIAS ALEX \u201cPRESUNTO INTEGRANTE DEL GRUPOS ARMADOS ORGANIZADOS RESIDUALES (GAOR)."},"content":{"rendered":"\n<p>Durante una operaci\u00f3n conjunta y coordinada el Gaula militar de Tumaco, el ej\u00e9rcito nacional y el Gaula de la Polic\u00eda Nacional captur\u00f3 al sujeto \u201calias Alex\u201d.<\/p>\n\n\n\n<figure class=\"wp-block-embed is-type-video is-provider-youtube wp-block-embed-youtube wp-embed-aspect-16-9 wp-has-aspect-ratio\"><div class=\"wp-block-embed__wrapper\">\n<iframe loading=\"lazy\" title=\"\u201cAlias Alex\u201d capturado presunto integrante de GAOR.\" width=\"640\" height=\"360\" src=\"https:\/\/www.youtube.com\/embed\/Bnjg0RnZqjI?feature=oembed\" frameborder=\"0\" allow=\"accelerometer; autoplay; clipboard-write; encrypted-media; gyroscope; picture-in-picture; web-share\" referrerpolicy=\"strict-origin-when-cross-origin\" allowfullscreen><\/iframe>\n<\/div><\/figure>\n\n\n\n<p>El sujeto es el presunto integrante del Grupos Armados Organizados Residuales (Gaor) rae estructura Alfonso Cano y coordinador delictivo del barrio San Felipe del casco urbano del municipio de Tumaco Nari\u00f1o. El sujeto estaba siendo buscado desde el pasado mes de diciembre por los delitos de secuestro extorsivo, extorsi\u00f3n agravada y desplazamiento forzado.<\/p>\n\n\n\n<p>El sujeto est\u00e1 puesto a disposici\u00f3n de las autoridades competentes. La Armada de Colombia continuar\u00e1 desarrollando operaciones ofensivas contra los grupos al margen de la ley que delinquen en el pac\u00edfico nari\u00f1ense.<\/p>\n","protected":false},"excerpt":{"rendered":"<p>Durante una operaci\u00f3n conjunta y coordinada el Gaula militar de Tumaco, el ej\u00e9rcito nacional y el Gaula de la Polic\u00eda Nacional captur\u00f3 al sujeto \u201calias Alex\u201d. El sujeto es el presunto integrante del Grupos Armados Organizados Residuales (Gaor) rae estructura Alfonso Cano y coordinador delictivo del barrio San Felipe del casco urbano del municipio de [&hellip;]<\/p>\n","protected":false},"author":3,"featured_media":16737,"comment_status":"open","ping_status":"open","sticky":false,"template":"","format":"video","meta":{"footnotes":""},"categories":[10],"tags":[],"class_list":["post-16736","post","type-post","status-publish","format-video","has-post-thumbnail","hentry","category-cnc-noticias-tulua","post_format-post-format-video"],"_links":{"self":[{"href":"https:\/\/cnctulua.tv\/index.php?rest_route=\/wp\/v2\/posts\/16736","targetHints":{"allow":["GET"]}}],"collection":[{"href":"https:\/\/cnctulua.tv\/index.php?rest_route=\/wp\/v2\/posts"}],"about":[{"href":"https:\/\/cnctulua.tv\/index.php?rest_route=\/wp\/v2\/types\/post"}],"author":[{"embeddable":true,"href":"https:\/\/cnctulua.tv\/index.php?rest_route=\/wp\/v2\/users\/3"}],"replies":[{"embeddable":true,"href":"https:\/\/cnctulua.tv\/index.php?rest_route=%2Fwp%2Fv2%2Fcomments&post=16736"}],"version-history":[{"count":1,"href":"https:\/\/cnctulua.tv\/index.php?rest_route=\/wp\/v2\/posts\/16736\/revisions"}],"predecessor-version":[{"id":16738,"href":"https:\/\/cnctulua.tv\/index.php?rest_route=\/wp\/v2\/posts\/16736\/revisions\/16738"}],"wp:featuredmedia":[{"embeddable":true,"href":"https:\/\/cnctulua.tv\/index.php?rest_route=\/wp\/v2\/media\/16737"}],"wp:attachment":[{"href":"https:\/\/cnctulua.tv\/index.php?rest_route=%2Fwp%2Fv2%2Fmedia&parent=16736"}],"wp:term":[{"taxonomy":"category","embeddable":true,"href":"https:\/\/cnctulua.tv\/index.php?rest_route=%2Fwp%2Fv2%2Fcategories&post=16736"},{"taxonomy":"post_tag","embeddable":true,"href":"https:\/\/cnctulua.tv\/index.php?rest_route=%2Fwp%2Fv2%2Ftags&post=16736"}],"curies":[{"name":"wp","href":"https:\/\/api.w.org\/{rel}","templated":true}]}}