{"id":16793,"date":"2024-03-27T17:47:44","date_gmt":"2024-03-27T17:47:44","guid":{"rendered":"https:\/\/cnctulua.tv\/?p=16793"},"modified":"2024-03-27T17:47:49","modified_gmt":"2024-03-27T17:47:49","slug":"impulso-en-el-desarrollo-de-proyectos-de-infraestructura-en-el-valle-del-cauca-durante-el-primer-trimestre-de-2024","status":"publish","type":"post","link":"https:\/\/cnctulua.tv\/?p=16793","title":{"rendered":"IMPULSO EN EL DESARROLLO DE PROYECTOS DE INFRAESTRUCTURA en el Valle del Cauca durante el primer trimestre de 2024."},"content":{"rendered":"\n<p>En un esfuerzo conjunto entre la Gobernaci\u00f3n del Valle del Cauca y diversos actores internacionales, el ambicioso proyecto del \u00abTren de Cercan\u00edas del Valle\u00bb ha dado un paso significativo hacia su materializaci\u00f3n.<\/p>\n\n\n\n<p>La gobernadora del Valle, Dilian Francisca Toro, resalt\u00f3 la importancia de este proyecto al afirmar: \u00abEs nuestra obra m\u00e1s importante y ya tienen factibilidad. Estamos en conversaciones para el aval de los ministerios de Transporte y de Hacienda para la cofinanciaci\u00f3n\u00bb.<\/p>\n\n\n\n<figure class=\"wp-block-embed is-type-video is-provider-youtube wp-block-embed-youtube wp-embed-aspect-16-9 wp-has-aspect-ratio\"><div class=\"wp-block-embed__wrapper\">\n<iframe loading=\"lazy\" title=\"Impulso Internacional: El Tren de Cercan\u00edas del Valle se acerca a la realidad.\" width=\"640\" height=\"360\" src=\"https:\/\/www.youtube.com\/embed\/w3b_BQ9v8Gc?feature=oembed\" frameborder=\"0\" allow=\"accelerometer; autoplay; clipboard-write; encrypted-media; gyroscope; picture-in-picture; web-share\" referrerpolicy=\"strict-origin-when-cross-origin\" allowfullscreen><\/iframe>\n<\/div><\/figure>\n\n\n\n<p>Toro destac\u00f3 adem\u00e1s la colaboraci\u00f3n internacional, se\u00f1alando: \u00abSe lo presentamos a los ingleses, a los franceses que nos ayudaron en la prefactibilidad y en la factibilidad, y en Corea tambi\u00e9n estuvimos present\u00e1ndolo\u00bb.<\/p>\n\n\n\n<p>El alcalde de Cali, Alejandro Eder, comparti\u00f3 su optimismo al expresar: \u00abOjal\u00e1 podamos llegar, como lo dec\u00eda la Gobernadora, al 85 o 90% de financiaci\u00f3n de la Naci\u00f3n, eso nos facilitar\u00eda para poder sacar el pr\u00e9stamo necesario\u00bb.<\/p>\n\n\n\n<p>En este contexto, la Agencia Francesa de Desarrollo para Colombia (AFD) ha surgido como un aliado estrat\u00e9gico. El director de la AFD, Lamine Sow, afirm\u00f3: \u00abNosotros podemos apoyar el financiamiento propio de la infraestructura y tambi\u00e9n con cooperaci\u00f3n t\u00e9cnica, con fondos no reembolsables\u00bb.<\/p>\n\n\n\n<p>Este impulso internacional y el respaldo gubernamental reflejan un compromiso s\u00f3lido con el desarrollo regional y la mejora de la calidad de vida de los habitantes del Valle del Cauca. La colaboraci\u00f3n entre diferentes entidades, tanto nacionales como extranjeras, augura un futuro prometedor para la infraestructura y la conectividad en la regi\u00f3n.<\/p>\n","protected":false},"excerpt":{"rendered":"<p>En un esfuerzo conjunto entre la Gobernaci\u00f3n del Valle del Cauca y diversos actores internacionales, el ambicioso proyecto del \u00abTren de Cercan\u00edas del Valle\u00bb ha dado un paso significativo hacia su materializaci\u00f3n. La gobernadora del Valle, Dilian Francisca Toro, resalt\u00f3 la importancia de este proyecto al afirmar: \u00abEs nuestra obra m\u00e1s importante y ya tienen [&hellip;]<\/p>\n","protected":false},"author":3,"featured_media":16794,"comment_status":"open","ping_status":"open","sticky":false,"template":"","format":"video","meta":{"footnotes":""},"categories":[10],"tags":[],"class_list":["post-16793","post","type-post","status-publish","format-video","has-post-thumbnail","hentry","category-cnc-noticias-tulua","post_format-post-format-video"],"_links":{"self":[{"href":"https:\/\/cnctulua.tv\/index.php?rest_route=\/wp\/v2\/posts\/16793","targetHints":{"allow":["GET"]}}],"collection":[{"href":"https:\/\/cnctulua.tv\/index.php?rest_route=\/wp\/v2\/posts"}],"about":[{"href":"https:\/\/cnctulua.tv\/index.php?rest_route=\/wp\/v2\/types\/post"}],"author":[{"embeddable":true,"href":"https:\/\/cnctulua.tv\/index.php?rest_route=\/wp\/v2\/users\/3"}],"replies":[{"embeddable":true,"href":"https:\/\/cnctulua.tv\/index.php?rest_route=%2Fwp%2Fv2%2Fcomments&post=16793"}],"version-history":[{"count":1,"href":"https:\/\/cnctulua.tv\/index.php?rest_route=\/wp\/v2\/posts\/16793\/revisions"}],"predecessor-version":[{"id":16795,"href":"https:\/\/cnctulua.tv\/index.php?rest_route=\/wp\/v2\/posts\/16793\/revisions\/16795"}],"wp:featuredmedia":[{"embeddable":true,"href":"https:\/\/cnctulua.tv\/index.php?rest_route=\/wp\/v2\/media\/16794"}],"wp:attachment":[{"href":"https:\/\/cnctulua.tv\/index.php?rest_route=%2Fwp%2Fv2%2Fmedia&parent=16793"}],"wp:term":[{"taxonomy":"category","embeddable":true,"href":"https:\/\/cnctulua.tv\/index.php?rest_route=%2Fwp%2Fv2%2Fcategories&post=16793"},{"taxonomy":"post_tag","embeddable":true,"href":"https:\/\/cnctulua.tv\/index.php?rest_route=%2Fwp%2Fv2%2Ftags&post=16793"}],"curies":[{"name":"wp","href":"https:\/\/api.w.org\/{rel}","templated":true}]}}