{"id":16804,"date":"2024-03-27T18:28:15","date_gmt":"2024-03-27T18:28:15","guid":{"rendered":"https:\/\/cnctulua.tv\/?p=16804"},"modified":"2024-03-27T18:28:18","modified_gmt":"2024-03-27T18:28:18","slug":"programacion-de-la-semana-mayor-en-la-parroquia-de-nuestra-senora-del-perpetuo-socorro-las-americas-de-tulua","status":"publish","type":"post","link":"https:\/\/cnctulua.tv\/?p=16804","title":{"rendered":"PROGRAMACI\u00d3N DE LA SEMANA MAYOR\u00a0 EN LA\u00a0 PARROQUIA DE NUESTRA SE\u00d1ORA DEL PERPETUO SOCORRO \u201cLAS AM\u00c9RICAS\u201d DE TULU\u00c1."},"content":{"rendered":"\n<p>El sacerdote Augusto Presiga de la parroquia Nuestra se\u00f1ora del perpetuo socorro del barrio \u201clas Am\u00e9ricas\u201d de Tulu\u00e1 extiende la invitaci\u00f3n a las actividades programadas para la semana mayor de este 2024.<\/p>\n\n\n\n<figure class=\"wp-block-embed is-type-video is-provider-youtube wp-block-embed-youtube wp-embed-aspect-16-9 wp-has-aspect-ratio\"><div class=\"wp-block-embed__wrapper\">\n<iframe loading=\"lazy\" title=\"Programaci\u00f3n Semana Santa: Parroquia de Nuestra Se\u00f1ora del Perpetuo Socorro de Tulu\u00e1.\" width=\"640\" height=\"360\" src=\"https:\/\/www.youtube.com\/embed\/A6hxarVWyTc?feature=oembed\" frameborder=\"0\" allow=\"accelerometer; autoplay; clipboard-write; encrypted-media; gyroscope; picture-in-picture; web-share\" referrerpolicy=\"strict-origin-when-cross-origin\" allowfullscreen><\/iframe>\n<\/div><\/figure>\n\n\n\n<p>Adem\u00e1s, el sacerdote hace \u00e9nfasis en que Jes\u00fas nos invita a seguir paso a paso su sufrimiento y su pasi\u00f3n por toda la humanidad y al mismo tiempo se libera el ser humano de muchas cosas que lo pueden atormentar o quitar la paz de su alma.<\/p>\n\n\n\n<p>\u201c\u00c9l nos est\u00e1 bendiciendo y desde luego que si sufrimos con \u00e9l, tambi\u00e9n resucitaremos con \u00e9l\u201d expres\u00f3 el sacerdote Augusto Presiga.<\/p>\n\n\n\n<figure class=\"wp-block-image size-large\"><img loading=\"lazy\" decoding=\"async\" width=\"1024\" height=\"628\" src=\"https:\/\/cnctulua.tv\/wp-content\/uploads\/2024\/03\/333333-1024x628.png\" alt=\"\" class=\"wp-image-16805\" srcset=\"https:\/\/cnctulua.tv\/wp-content\/uploads\/2024\/03\/333333-1024x628.png 1024w, https:\/\/cnctulua.tv\/wp-content\/uploads\/2024\/03\/333333-300x184.png 300w, https:\/\/cnctulua.tv\/wp-content\/uploads\/2024\/03\/333333-768x471.png 768w, https:\/\/cnctulua.tv\/wp-content\/uploads\/2024\/03\/333333.png 1038w\" sizes=\"auto, (max-width: 1024px) 100vw, 1024px\" \/><\/figure>\n\n\n\n<p>Las actividades importantes se realizar\u00e1n en los horarios habituales, la \u00faltima cena el jueves a las 3 de la tarde, la liturgia de la pasi\u00f3n comienza el viernes desde las 3 de la tarde y la vigilia pascual a las 6 y media de la tarde.<\/p>\n\n\n\n<p>El s\u00e1bado, la parroquia contar\u00e1 con la vigilia pascual a las 6 y media de la tarde y&nbsp; a las 9 de la noche.<\/p>\n\n\n\n<p>El domingo es la procesi\u00f3n del resucitado a las 7 y media de la ma\u00f1ana que sale de la parroquia y se culmina con la eucarist\u00eda a las 8 de la ma\u00f1ana.<\/p>\n\n\n\n<figure class=\"wp-block-image size-large\"><img loading=\"lazy\" decoding=\"async\" width=\"1024\" height=\"633\" src=\"https:\/\/cnctulua.tv\/wp-content\/uploads\/2024\/03\/WhatsApp-Image-2024-03-27-at-1.26.52-PM-1024x633.webp\" alt=\"\" class=\"wp-image-16806\" srcset=\"https:\/\/cnctulua.tv\/wp-content\/uploads\/2024\/03\/WhatsApp-Image-2024-03-27-at-1.26.52-PM-1024x633.webp 1024w, https:\/\/cnctulua.tv\/wp-content\/uploads\/2024\/03\/WhatsApp-Image-2024-03-27-at-1.26.52-PM-300x185.webp 300w, https:\/\/cnctulua.tv\/wp-content\/uploads\/2024\/03\/WhatsApp-Image-2024-03-27-at-1.26.52-PM-768x475.webp 768w, https:\/\/cnctulua.tv\/wp-content\/uploads\/2024\/03\/WhatsApp-Image-2024-03-27-at-1.26.52-PM-jpg.webp 1259w\" sizes=\"auto, (max-width: 1024px) 100vw, 1024px\" \/><\/figure>\n","protected":false},"excerpt":{"rendered":"<p>El sacerdote Augusto Presiga de la parroquia Nuestra se\u00f1ora del perpetuo socorro del barrio \u201clas Am\u00e9ricas\u201d de Tulu\u00e1 extiende la invitaci\u00f3n a las actividades programadas para la semana mayor de este 2024. Adem\u00e1s, el sacerdote hace \u00e9nfasis en que Jes\u00fas nos invita a seguir paso a paso su sufrimiento y su pasi\u00f3n por toda la [&hellip;]<\/p>\n","protected":false},"author":3,"featured_media":16807,"comment_status":"open","ping_status":"open","sticky":false,"template":"","format":"video","meta":{"footnotes":""},"categories":[10],"tags":[],"class_list":["post-16804","post","type-post","status-publish","format-video","has-post-thumbnail","hentry","category-cnc-noticias-tulua","post_format-post-format-video"],"_links":{"self":[{"href":"https:\/\/cnctulua.tv\/index.php?rest_route=\/wp\/v2\/posts\/16804","targetHints":{"allow":["GET"]}}],"collection":[{"href":"https:\/\/cnctulua.tv\/index.php?rest_route=\/wp\/v2\/posts"}],"about":[{"href":"https:\/\/cnctulua.tv\/index.php?rest_route=\/wp\/v2\/types\/post"}],"author":[{"embeddable":true,"href":"https:\/\/cnctulua.tv\/index.php?rest_route=\/wp\/v2\/users\/3"}],"replies":[{"embeddable":true,"href":"https:\/\/cnctulua.tv\/index.php?rest_route=%2Fwp%2Fv2%2Fcomments&post=16804"}],"version-history":[{"count":1,"href":"https:\/\/cnctulua.tv\/index.php?rest_route=\/wp\/v2\/posts\/16804\/revisions"}],"predecessor-version":[{"id":16808,"href":"https:\/\/cnctulua.tv\/index.php?rest_route=\/wp\/v2\/posts\/16804\/revisions\/16808"}],"wp:featuredmedia":[{"embeddable":true,"href":"https:\/\/cnctulua.tv\/index.php?rest_route=\/wp\/v2\/media\/16807"}],"wp:attachment":[{"href":"https:\/\/cnctulua.tv\/index.php?rest_route=%2Fwp%2Fv2%2Fmedia&parent=16804"}],"wp:term":[{"taxonomy":"category","embeddable":true,"href":"https:\/\/cnctulua.tv\/index.php?rest_route=%2Fwp%2Fv2%2Fcategories&post=16804"},{"taxonomy":"post_tag","embeddable":true,"href":"https:\/\/cnctulua.tv\/index.php?rest_route=%2Fwp%2Fv2%2Ftags&post=16804"}],"curies":[{"name":"wp","href":"https:\/\/api.w.org\/{rel}","templated":true}]}}