{"id":16863,"date":"2024-04-01T17:07:24","date_gmt":"2024-04-01T17:07:24","guid":{"rendered":"https:\/\/cnctulua.tv\/?p=16863"},"modified":"2024-04-01T17:07:27","modified_gmt":"2024-04-01T17:07:27","slug":"capturado-presunto-integrante-de-banda-delincuencial-en-tulua-por-homicidio","status":"publish","type":"post","link":"https:\/\/cnctulua.tv\/?p=16863","title":{"rendered":"CAPTURADO PRESUNTO INTEGRANTE DE BANDA DELINCUENCIAL EN TULU\u00c1 POR HOMICIDIO."},"content":{"rendered":"\n<p>En un operativo conjunto entre la Polic\u00eda Nacional y la Fiscal\u00eda General de la Naci\u00f3n, se logr\u00f3 la captura de un individuo conocido con el alias Chamo o Veneco, en la ciudad de Tulu\u00e1, Valle del Cauca.<\/p>\n\n\n\n<p>El sujeto fue aprehendido en flagrancia en un domicilio de la ciudad, donde se encontraron elementos relacionados con actividades il\u00edcitas, incluyendo una cantidad significativa de marihuana. Tras su captura, un fiscal de la Seccional Valle del Cauca le imput\u00f3 el delito de fabricaci\u00f3n, tr\u00e1fico o porte de estupefacientes, aunque el acusado ha negado su participaci\u00f3n en los mismos. Como resultado, se ha ordenado su reclusi\u00f3n en un centro carcelario mientras se lleva a cabo el proceso judicial correspondiente.<\/p>\n\n\n\n<p><\/p>\n\n\n\n<figure class=\"wp-block-embed is-type-video is-provider-youtube wp-block-embed-youtube wp-embed-aspect-16-9 wp-has-aspect-ratio\"><div class=\"wp-block-embed__wrapper\">\n<iframe loading=\"lazy\" title=\"Detenido presunto delincuente por m\u00faltiples delitos en Tulu\u00e1.\" width=\"640\" height=\"360\" src=\"https:\/\/www.youtube.com\/embed\/XAUZ1qbnrgA?feature=oembed\" frameborder=\"0\" allow=\"accelerometer; autoplay; clipboard-write; encrypted-media; gyroscope; picture-in-picture; web-share\" referrerpolicy=\"strict-origin-when-cross-origin\" allowfullscreen><\/iframe>\n<\/div><\/figure>\n\n\n\n<p>Adem\u00e1s de este cargo, alias Chamo o Veneco enfrenta una orden de captura por su presunta implicaci\u00f3n en el homicidio de un parapentista que distribu\u00eda propaganda pol\u00edtica. El crimen tuvo lugar el 30 de septiembre de 2023, en la zona conocida como Las Brisas del Valle, en Tulu\u00e1. Se espera que, en los pr\u00f3ximos d\u00edas, un fiscal de la Delegada para Seguridad Territorial le impute este hecho, as\u00ed como el delito de concierto para delinquir con fines de tr\u00e1fico de armas de fuego.<\/p>\n","protected":false},"excerpt":{"rendered":"<p>En un operativo conjunto entre la Polic\u00eda Nacional y la Fiscal\u00eda General de la Naci\u00f3n, se logr\u00f3 la captura de un individuo conocido con el alias Chamo o Veneco, en la ciudad de Tulu\u00e1, Valle del Cauca. El sujeto fue aprehendido en flagrancia en un domicilio de la ciudad, donde se encontraron elementos relacionados con [&hellip;]<\/p>\n","protected":false},"author":3,"featured_media":16864,"comment_status":"open","ping_status":"open","sticky":false,"template":"","format":"video","meta":{"footnotes":""},"categories":[10],"tags":[],"class_list":["post-16863","post","type-post","status-publish","format-video","has-post-thumbnail","hentry","category-cnc-noticias-tulua","post_format-post-format-video"],"_links":{"self":[{"href":"https:\/\/cnctulua.tv\/index.php?rest_route=\/wp\/v2\/posts\/16863","targetHints":{"allow":["GET"]}}],"collection":[{"href":"https:\/\/cnctulua.tv\/index.php?rest_route=\/wp\/v2\/posts"}],"about":[{"href":"https:\/\/cnctulua.tv\/index.php?rest_route=\/wp\/v2\/types\/post"}],"author":[{"embeddable":true,"href":"https:\/\/cnctulua.tv\/index.php?rest_route=\/wp\/v2\/users\/3"}],"replies":[{"embeddable":true,"href":"https:\/\/cnctulua.tv\/index.php?rest_route=%2Fwp%2Fv2%2Fcomments&post=16863"}],"version-history":[{"count":1,"href":"https:\/\/cnctulua.tv\/index.php?rest_route=\/wp\/v2\/posts\/16863\/revisions"}],"predecessor-version":[{"id":16865,"href":"https:\/\/cnctulua.tv\/index.php?rest_route=\/wp\/v2\/posts\/16863\/revisions\/16865"}],"wp:featuredmedia":[{"embeddable":true,"href":"https:\/\/cnctulua.tv\/index.php?rest_route=\/wp\/v2\/media\/16864"}],"wp:attachment":[{"href":"https:\/\/cnctulua.tv\/index.php?rest_route=%2Fwp%2Fv2%2Fmedia&parent=16863"}],"wp:term":[{"taxonomy":"category","embeddable":true,"href":"https:\/\/cnctulua.tv\/index.php?rest_route=%2Fwp%2Fv2%2Fcategories&post=16863"},{"taxonomy":"post_tag","embeddable":true,"href":"https:\/\/cnctulua.tv\/index.php?rest_route=%2Fwp%2Fv2%2Ftags&post=16863"}],"curies":[{"name":"wp","href":"https:\/\/api.w.org\/{rel}","templated":true}]}}