{"id":16866,"date":"2024-04-01T17:16:31","date_gmt":"2024-04-01T17:16:31","guid":{"rendered":"https:\/\/cnctulua.tv\/?p=16866"},"modified":"2024-04-01T17:16:34","modified_gmt":"2024-04-01T17:16:34","slug":"cali-se-prepara-para-recibir-la-cop16-y-mostrar-al-mundo-la-riqueza-del-pacifico-colombiano","status":"publish","type":"post","link":"https:\/\/cnctulua.tv\/?p=16866","title":{"rendered":"CALI SE PREPARA PARA RECIBIR LA COP16 y mostrar al mundo la riqueza del Pac\u00edfico Colombiano."},"content":{"rendered":"\n<p>En un anuncio que ha resonado en todo el mundo, Cali ha sido designada como la sede de la pr\u00f3xima Conferencia de las Naciones Unidas sobre Biodiversidad, COP16. La noticia fue recibida con entusiasmo por la Gobernadora Dilian Francisca Toro Torres, quien resalt\u00f3 la importancia de este hito para la regi\u00f3n y el planeta en su conjunto.<\/p>\n\n\n\n<figure class=\"wp-block-embed is-type-video is-provider-youtube wp-block-embed-youtube wp-embed-aspect-16-9 wp-has-aspect-ratio\"><div class=\"wp-block-embed__wrapper\">\n<iframe loading=\"lazy\" title=\"Cali ser\u00e1 la sede de la COP16 de la ONU: un hito hist\u00f3rico para la conservaci\u00f3n ambiental.\" width=\"640\" height=\"360\" src=\"https:\/\/www.youtube.com\/embed\/PYTkPoXvzQs?feature=oembed\" frameborder=\"0\" allow=\"accelerometer; autoplay; clipboard-write; encrypted-media; gyroscope; picture-in-picture; web-share\" referrerpolicy=\"strict-origin-when-cross-origin\" allowfullscreen><\/iframe>\n<\/div><\/figure>\n\n\n\n<p>\u00abFue un trabajo articulado, todos pusimos nuestra artiller\u00eda para lograr que se reconociera esta regi\u00f3n como la m\u00e1s biodiversa\u00bb, destac\u00f3 la mandataria del departamento, enfatizando la colaboraci\u00f3n entre los l\u00edderes regionales para asegurar que Cali fuera elegida como la ciudad anfitriona de este evento de gran trascendencia.<\/p>\n\n\n\n<p>Los habitantes del Valle del Cauca expresaron su satisfacci\u00f3n por esta importante consecuci\u00f3n. \u00abEs la puerta que nos va a permitir mostrar al mundo la riqueza de nuestro Pac\u00edfico\u00bb, asegur\u00f3 Filiberto Monta\u00f1o, representante del Consejo Comunitario Baz\u00e1n Bocana. Mientras que Alexander Cardona, habitante de Buenaventura, agreg\u00f3: \u00abMe llena de alegr\u00eda que la COP16 se va a realizar en suelo cale\u00f1o\u00bb.<\/p>\n\n\n\n<p>La COP16, que se celebrar\u00e1 del 21 de octubre al 1 de noviembre de 2024 en el Centro de Eventos Valle del Pac\u00edfico, reunir\u00e1 a entre 12.000 y 15.000 personas de todo el mundo con un objetivo com\u00fan: abordar los desaf\u00edos ambientales y establecer estrategias para la conservaci\u00f3n de la biodiversidad y la mitigaci\u00f3n de los efectos del cambio clim\u00e1tico.<\/p>\n\n\n\n<p>Bajo el lema \u00abPaz con la Naturaleza\u00bb, Colombia enviar\u00e1 un mensaje al mundo junto al s\u00edmbolo representativo de la COP16, la flor de In\u00edrida. \u00abEs un evento de gran importancia que evaluar\u00e1 las acciones para evitar el cambio clim\u00e1tico\u00bb, subray\u00f3 la Gobernadora Toro.<\/p>\n\n\n\n<figure class=\"wp-block-image size-large\"><img loading=\"lazy\" decoding=\"async\" width=\"1024\" height=\"576\" src=\"https:\/\/cnctulua.tv\/wp-content\/uploads\/2024\/04\/S36BQOUU6FFFVC4BIRJEFKVUSE-1111-1024x576.webp\" alt=\"\" class=\"wp-image-16868\" srcset=\"https:\/\/cnctulua.tv\/wp-content\/uploads\/2024\/04\/S36BQOUU6FFFVC4BIRJEFKVUSE-1111-1024x576.webp 1024w, https:\/\/cnctulua.tv\/wp-content\/uploads\/2024\/04\/S36BQOUU6FFFVC4BIRJEFKVUSE-1111-300x169.webp 300w, https:\/\/cnctulua.tv\/wp-content\/uploads\/2024\/04\/S36BQOUU6FFFVC4BIRJEFKVUSE-1111-768x432.webp 768w, https:\/\/cnctulua.tv\/wp-content\/uploads\/2024\/04\/S36BQOUU6FFFVC4BIRJEFKVUSE-1111-1536x864.webp 1536w, https:\/\/cnctulua.tv\/wp-content\/uploads\/2024\/04\/S36BQOUU6FFFVC4BIRJEFKVUSE-1111-2048x1152.webp 2048w, https:\/\/cnctulua.tv\/wp-content\/uploads\/2024\/04\/S36BQOUU6FFFVC4BIRJEFKVUSE-1111-scaled.webp 1920w\" sizes=\"auto, (max-width: 1024px) 100vw, 1024px\" \/><\/figure>\n\n\n\n<p>La realizaci\u00f3n de la COP16 en el Valle del Cauca no solo traer\u00e1 beneficios ambientales, sino tambi\u00e9n econ\u00f3micos. Se espera que la econom\u00eda local se dinamice gracias a la demanda de servicios generada por las delegaciones internacionales.<\/p>\n\n\n\n<p>En palabras de la Gobernadora Dilian Francisca Toro, \u00abLos sue\u00f1os se hacen grandes cuando son compartidos. Los invito a unirse a este sue\u00f1o de regi\u00f3n y trabajar juntos por un futuro sostenible para todos\u00bb.<\/p>\n\n\n\n<figure class=\"wp-block-image size-full\"><img loading=\"lazy\" decoding=\"async\" width=\"1000\" height=\"550\" src=\"https:\/\/cnctulua.tv\/wp-content\/uploads\/2024\/04\/Cerro-de-las-Tres-Cruces-Cali-Picoloro-Ecoturismo-jpg.webp\" alt=\"\" class=\"wp-image-16869\" srcset=\"https:\/\/cnctulua.tv\/wp-content\/uploads\/2024\/04\/Cerro-de-las-Tres-Cruces-Cali-Picoloro-Ecoturismo-jpg.webp 1000w, https:\/\/cnctulua.tv\/wp-content\/uploads\/2024\/04\/Cerro-de-las-Tres-Cruces-Cali-Picoloro-Ecoturismo-300x165.webp 300w, https:\/\/cnctulua.tv\/wp-content\/uploads\/2024\/04\/Cerro-de-las-Tres-Cruces-Cali-Picoloro-Ecoturismo-768x422.webp 768w\" sizes=\"auto, (max-width: 1000px) 100vw, 1000px\" \/><\/figure>\n\n\n\n<p>Cali se prepara para ser el epicentro ambiental global y mostrar al mundo la riqueza del Pac\u00edfico Colombiano, su cultura, gastronom\u00eda, paisajes y su compromiso con la conservaci\u00f3n del medio ambiente.<\/p>\n\n\n\n<figure class=\"wp-block-image size-full is-resized\"><img loading=\"lazy\" decoding=\"async\" width=\"640\" height=\"400\" src=\"https:\/\/cnctulua.tv\/wp-content\/uploads\/2024\/04\/foto-rio-Cali_cerca-a-Ermita-jpg.webp\" alt=\"\" class=\"wp-image-16870\" style=\"width:841px;height:auto\" srcset=\"https:\/\/cnctulua.tv\/wp-content\/uploads\/2024\/04\/foto-rio-Cali_cerca-a-Ermita-jpg.webp 640w, https:\/\/cnctulua.tv\/wp-content\/uploads\/2024\/04\/foto-rio-Cali_cerca-a-Ermita-300x188.webp 300w\" sizes=\"auto, (max-width: 640px) 100vw, 640px\" \/><\/figure>\n","protected":false},"excerpt":{"rendered":"<p>En un anuncio que ha resonado en todo el mundo, Cali ha sido designada como la sede de la pr\u00f3xima Conferencia de las Naciones Unidas sobre Biodiversidad, COP16. La noticia fue recibida con entusiasmo por la Gobernadora Dilian Francisca Toro Torres, quien resalt\u00f3 la importancia de este hito para la regi\u00f3n y el planeta en [&hellip;]<\/p>\n","protected":false},"author":3,"featured_media":16867,"comment_status":"open","ping_status":"open","sticky":false,"template":"","format":"video","meta":{"footnotes":""},"categories":[10],"tags":[],"class_list":["post-16866","post","type-post","status-publish","format-video","has-post-thumbnail","hentry","category-cnc-noticias-tulua","post_format-post-format-video"],"_links":{"self":[{"href":"https:\/\/cnctulua.tv\/index.php?rest_route=\/wp\/v2\/posts\/16866","targetHints":{"allow":["GET"]}}],"collection":[{"href":"https:\/\/cnctulua.tv\/index.php?rest_route=\/wp\/v2\/posts"}],"about":[{"href":"https:\/\/cnctulua.tv\/index.php?rest_route=\/wp\/v2\/types\/post"}],"author":[{"embeddable":true,"href":"https:\/\/cnctulua.tv\/index.php?rest_route=\/wp\/v2\/users\/3"}],"replies":[{"embeddable":true,"href":"https:\/\/cnctulua.tv\/index.php?rest_route=%2Fwp%2Fv2%2Fcomments&post=16866"}],"version-history":[{"count":1,"href":"https:\/\/cnctulua.tv\/index.php?rest_route=\/wp\/v2\/posts\/16866\/revisions"}],"predecessor-version":[{"id":16871,"href":"https:\/\/cnctulua.tv\/index.php?rest_route=\/wp\/v2\/posts\/16866\/revisions\/16871"}],"wp:featuredmedia":[{"embeddable":true,"href":"https:\/\/cnctulua.tv\/index.php?rest_route=\/wp\/v2\/media\/16867"}],"wp:attachment":[{"href":"https:\/\/cnctulua.tv\/index.php?rest_route=%2Fwp%2Fv2%2Fmedia&parent=16866"}],"wp:term":[{"taxonomy":"category","embeddable":true,"href":"https:\/\/cnctulua.tv\/index.php?rest_route=%2Fwp%2Fv2%2Fcategories&post=16866"},{"taxonomy":"post_tag","embeddable":true,"href":"https:\/\/cnctulua.tv\/index.php?rest_route=%2Fwp%2Fv2%2Ftags&post=16866"}],"curies":[{"name":"wp","href":"https:\/\/api.w.org\/{rel}","templated":true}]}}